{"id":88,"date":"2018-09-19T12:59:25","date_gmt":"2018-09-19T10:59:25","guid":{"rendered":"http:\/\/www.ilgiornaledicarmignano.it\/?p=88"},"modified":"2018-09-20T09:29:23","modified_gmt":"2018-09-20T07:29:23","slug":"contributo-affitto-prorogati-i-termini-per-la-presentazione-delle-domande-ce-tempo-fino-al-5-ottobre-per-fare-la-richiesta","status":"publish","type":"post","link":"https:\/\/www.ilgiornaledicarmignano.it\/?p=88","title":{"rendered":"Contributo affitto, prorogati i termini per la presentazione delle domande. C&#8217;\u00e8 tempo fino al 5 ottobre per fare la richiesta"},"content":{"rendered":"<p>L&#8217;amministrazione comunale di Carmignano rende noto che <strong><b>sono stati riaperti i termini per richiedere un contributo per l&#8217;integrazione del pagamento del canone di locazione per il 2018<\/b><\/strong> (Contributo affitto). I cittadini possono presentare domanda entro <strong><b>venerd\u00ec 5 ottobre<\/b><\/strong>.<\/p>\n<p>I cittadini che avevano gi\u00e0 presentato la domanda e che erano gi\u00e0 stati collocati nelle relative graduatorie non devono presentare alcuna documentazione integrativa.<\/p>\n<p><strong><b>Le domande di ammissione al bando dovranno essere presentate all&#8217;Ufficio Protocollo del Comune di Carmignano<\/b><\/strong> (piazza G. Matteotti 1, primo piano) entro il 5 ottobre negli orari di apertura al pubblico: luned\u00ec dalle 8.30 alle 12.30 e dalle 15 alle 18; marted\u00ec, mercoled\u00ec e venerd\u00ec dalle 8.30 alle 12.30; gioved\u00ec dalle 8.30 alle 15.30. Far\u00e0 fede il timbro apposto dall&#8217;Ufficio protocollo, qualunque siano il mezzo e le modalit\u00e0 di spedizione usati.<\/p>\n<p>Saranno formate due graduatorie, una provvisoria e successivamente quella definitiva, ognuna delle quali sar\u00e0 articolata in due fasce. La nuova graduatoria provvisoria sar\u00e0 pubblicata dal 19 al 25 ottobre; quella definitiva invece dal 29 ottobre e sar\u00e0 valida fino al 31 dicembre 2018. \u00a0Della collocazione o esclusione dalle graduatorie provvisorie e definitive non vengono inviate comunicazioni personali all\u2019indirizzo dei richiedenti. <strong><b>Per verificare gli esiti della propria istanza,\u00a0 gli interessati dovranno consultare il sito internet del Comune di Carmignano<\/b><\/strong> nelle date sopra indicate. Nel rispetto\u00a0<em>della<\/em>\u00a0riservatezza e dei dati sensibili ciascun utente sar\u00e0 <em>identificato esclusivamente con<\/em>\u00a0il\u00a0<em>numero di protocollo della domanda<\/em>, indicato\u00a0<em>nella <\/em>ricevuta fornita dall\u2019Ufficio protocollo stesso. Coloro che poi verificheranno la loro presenza nella graduatoria tramite apposito numero di protocollo, dovranno presentare la copia delle ricevute di pagamento del canone di locazione entro il 28 gennaio 2019.<\/p>\n<p><strong><b>Il bando completo e il modello di domanda possono essere ritirati presso l\u2019Ufficio politiche sociali<\/b><\/strong> (Piazza G. Matteotti 1; tel. 055 8750213) oppure scaricati dal sito internet <strong><b>www.comune.carmignano.po.it<\/b><\/strong><\/p>\n<p>&nbsp;<\/p>\n","protected":false},"excerpt":{"rendered":"<p>L&#8217;amministrazione comunale di Carmignano rende noto che sono stati riaperti i termini per richiedere un contributo per l&#8217;integrazione del pagamento del canone di locazione per il 2018 (Contributo affitto). I cittadini possono presentare domanda entro venerd\u00ec 5 ottobre. I cittadini che avevano gi\u00e0 presentato la domanda e che erano gi\u00e0 stati collocati nelle relative graduatorie &hellip; <a href=\"https:\/\/www.ilgiornaledicarmignano.it\/?p=88\" class=\"more-link\">Continua la lettura di <span class=\"screen-reader-text\">Contributo affitto, prorogati i termini per la presentazione delle domande. C&#8217;\u00e8 tempo fino al 5 ottobre per fare la richiesta<\/span> <span class=\"meta-nav\">&rarr;<\/span><\/a><\/p>\n","protected":false},"author":8,"featured_media":91,"comment_status":"closed","ping_status":"open","sticky":false,"template":"","format":"standard","meta":{"ngg_post_thumbnail":0},"categories":[1],"tags":[],"_links":{"self":[{"href":"https:\/\/www.ilgiornaledicarmignano.it\/index.php?rest_route=\/wp\/v2\/posts\/88"}],"collection":[{"href":"https:\/\/www.ilgiornaledicarmignano.it\/index.php?rest_route=\/wp\/v2\/posts"}],"about":[{"href":"https:\/\/www.ilgiornaledicarmignano.it\/index.php?rest_route=\/wp\/v2\/types\/post"}],"author":[{"embeddable":true,"href":"https:\/\/www.ilgiornaledicarmignano.it\/index.php?rest_route=\/wp\/v2\/users\/8"}],"replies":[{"embeddable":true,"href":"https:\/\/www.ilgiornaledicarmignano.it\/index.php?rest_route=%2Fwp%2Fv2%2Fcomments&post=88"}],"version-history":[{"count":4,"href":"https:\/\/www.ilgiornaledicarmignano.it\/index.php?rest_route=\/wp\/v2\/posts\/88\/revisions"}],"predecessor-version":[{"id":94,"href":"https:\/\/www.ilgiornaledicarmignano.it\/index.php?rest_route=\/wp\/v2\/posts\/88\/revisions\/94"}],"wp:featuredmedia":[{"embeddable":true,"href":"https:\/\/www.ilgiornaledicarmignano.it\/index.php?rest_route=\/wp\/v2\/media\/91"}],"wp:attachment":[{"href":"https:\/\/www.ilgiornaledicarmignano.it\/index.php?rest_route=%2Fwp%2Fv2%2Fmedia&parent=88"}],"wp:term":[{"taxonomy":"category","embeddable":true,"href":"https:\/\/www.ilgiornaledicarmignano.it\/index.php?rest_route=%2Fwp%2Fv2%2Fcategories&post=88"},{"taxonomy":"post_tag","embeddable":true,"href":"https:\/\/www.ilgiornaledicarmignano.it\/index.php?rest_route=%2Fwp%2Fv2%2Ftags&post=88"}],"curies":[{"name":"wp","href":"https:\/\/api.w.org\/{rel}","templated":true}]}}