{"id":73,"date":"2018-09-19T10:20:30","date_gmt":"2018-09-19T08:20:30","guid":{"rendered":"http:\/\/www.ilgiornaledicarmignano.it\/?p=73"},"modified":"2018-09-19T12:55:09","modified_gmt":"2018-09-19T10:55:09","slug":"i-comuni-di-carmignano-e-poggio-a-caiano-alla-marcia-per-la-pace-perugia-assisi","status":"publish","type":"post","link":"https:\/\/www.ilgiornaledicarmignano.it\/?p=73","title":{"rendered":"I Comuni di Carmignano e Poggio a Caiano alla Marcia per la Pace Perugia &#8211; Assisi"},"content":{"rendered":"<p><strong>I Comuni di Carmignano e Poggio a Caiano<\/strong> insieme per ribadire ancora una volta la necessit\u00e0 di armonia fra popoli e culture. E cos\u00ec anche quest&#8217;anno i due Comuni Medicei hanno dato la loro adesione e <strong>parteciperanno alla Marcia per la Pace Perugia Assisi in programma per domenica 7 ottobre<\/strong>.<\/p>\n<p>&#8220;Violenza, egoismo, guerre e disuguaglianze ci stanno distruggendo la vita&#8221;, questo lo slogan della Grande Marcia per la Pace e la Fratellanza dei popoli, che si svolger\u00e0 a 70 anni dalla proclamazione della Dichiarazione Universale dei Diritti Umani e della Costituzione Italiana, a 100 anni dalla fine della prima guerra mondiale e a 50 anni dalla scomparsa di Aldo Capitini, educatore e promotore della non-violenza e ideatore della Marcia.<\/p>\n<p>\u201cIn questo momento storico in cui si calpestano i diritti umani come se fossero fili d\u2019erba, ribadire attraverso questa marcia l\u2019importanza dell\u2019uguaglianza, della solidariet\u00e0 e dell\u2019inclusione adesso \u00e8 proprio impellente \u2013 spiega <strong>Stella Spinelli,<\/strong><strong> assessore alla Pace e intercultura del Comune di Carmignano<\/strong> -. Tutti, soprattutto i giovani, sono invitati a riempire questo autobus e a percorrere insieme a noi questa lunga strada di denuncia e di lotta. Insieme al Comune di Poggio a Caiano ci siamo impegnati a organizzare questo viaggio: 5 euro simbolici e andiamo tutti insieme ad Assisi\u201d.<\/p>\n<p>\u201cLa partecipazione all&#8217;iniziativa in questo particolare momento storico \u00e8 importante perch\u00e9 ci offre l&#8217;occasione di dare un segnale diverso da quello cui qualcuno ci vorrebbe abituare \u2013 afferma <strong>Maria Teresa Federico, assessore alla Cittadinanza del Comune di Poggio a Caiano<\/strong> -. Crediamo, infatti, che sia importante contrapporre alla cultura dell&#8217;odio un&#8217;idea ed un progetto globale fondato sui temi dell&#8217;accoglienza, uguaglianza e\u00a0 solidariet\u00e0 tra i popoli\u201d.<\/p>\n<p>I Comuni di Carmignano e Poggio a Caiano saranno quindi presenti alla manifestazione per ribadire ancora una volta il bisogno di pace che proviene ormai da ogni angolo del pianeta e hanno <strong>organizzato un autobus alla volta di Perugia<\/strong>. <strong>La partenza \u00e8 fissata alle 6:30 dalla Pista Rossa di Seano e alle 6:45\u00a0da via Garibaldi (zona statua di Padre Pio) a Poggio a Caiano<\/strong>. La prenotazione \u00e8 obbligatoria e potr\u00e0 essere fatta, fino ad esaurimento dei posti, presso l&#8217;Agenzia Kublai di Seano di via Baccheretana 3d (tel. <a title=\"blocked::tel:055 8706884\" href=\"tel:055 8706884\">055 8706884<\/a>) durante gli orari di apertura (dal luned\u00ec al venerd\u00ec dalle 9 alle 13 e dalle 15 alle 19; il sabato dalle 9 alle 12:30). Il costo a persona \u00e8 di 5 euro, sar\u00e0 data la priorit\u00e0 ai residenti dei due comuni.<\/p>\n<p>Per informazioni \u00e8 possibile contattare l&#8217;Ufficio Cultura del Comune di Carmignano al numero <a title=\"blocked::tel:055 8750232\" href=\"tel:055 8750232\">055 8750232<\/a> oppure <a title=\"blocked::mailto:cultura@comune.carmignano.po.it\" href=\"mailto:cultura@comune.carmignano.po.it\">cultura@comune.carmignano.po.it<\/a><\/p>\n<p>Si ricorda, infine, che la Marcia sar\u00e0 preceduta il 5 e il 6 ottobre da un grande meeting per la pace e i diritti umani, nel corso del quale sar\u00e0 presentato il Manifesto di Assisi, documento deontologico promosso dall\u2019Associazione Articolo 21.<\/p>\n","protected":false},"excerpt":{"rendered":"<p>I Comuni di Carmignano e Poggio a Caiano insieme per ribadire ancora una volta la necessit\u00e0 di armonia fra popoli e culture. E cos\u00ec anche quest&#8217;anno i due Comuni Medicei hanno dato la loro adesione e parteciperanno alla Marcia per la Pace Perugia Assisi in programma per domenica 7 ottobre. &#8220;Violenza, egoismo, guerre e disuguaglianze &hellip; <a href=\"https:\/\/www.ilgiornaledicarmignano.it\/?p=73\" class=\"more-link\">Continua la lettura di <span class=\"screen-reader-text\">I Comuni di Carmignano e Poggio a Caiano alla Marcia per la Pace Perugia &#8211; Assisi<\/span> <span class=\"meta-nav\">&rarr;<\/span><\/a><\/p>\n","protected":false},"author":8,"featured_media":76,"comment_status":"closed","ping_status":"open","sticky":false,"template":"","format":"standard","meta":{"ngg_post_thumbnail":0},"categories":[1],"tags":[],"_links":{"self":[{"href":"https:\/\/www.ilgiornaledicarmignano.it\/index.php?rest_route=\/wp\/v2\/posts\/73"}],"collection":[{"href":"https:\/\/www.ilgiornaledicarmignano.it\/index.php?rest_route=\/wp\/v2\/posts"}],"about":[{"href":"https:\/\/www.ilgiornaledicarmignano.it\/index.php?rest_route=\/wp\/v2\/types\/post"}],"author":[{"embeddable":true,"href":"https:\/\/www.ilgiornaledicarmignano.it\/index.php?rest_route=\/wp\/v2\/users\/8"}],"replies":[{"embeddable":true,"href":"https:\/\/www.ilgiornaledicarmignano.it\/index.php?rest_route=%2Fwp%2Fv2%2Fcomments&post=73"}],"version-history":[{"count":2,"href":"https:\/\/www.ilgiornaledicarmignano.it\/index.php?rest_route=\/wp\/v2\/posts\/73\/revisions"}],"predecessor-version":[{"id":77,"href":"https:\/\/www.ilgiornaledicarmignano.it\/index.php?rest_route=\/wp\/v2\/posts\/73\/revisions\/77"}],"wp:featuredmedia":[{"embeddable":true,"href":"https:\/\/www.ilgiornaledicarmignano.it\/index.php?rest_route=\/wp\/v2\/media\/76"}],"wp:attachment":[{"href":"https:\/\/www.ilgiornaledicarmignano.it\/index.php?rest_route=%2Fwp%2Fv2%2Fmedia&parent=73"}],"wp:term":[{"taxonomy":"category","embeddable":true,"href":"https:\/\/www.ilgiornaledicarmignano.it\/index.php?rest_route=%2Fwp%2Fv2%2Fcategories&post=73"},{"taxonomy":"post_tag","embeddable":true,"href":"https:\/\/www.ilgiornaledicarmignano.it\/index.php?rest_route=%2Fwp%2Fv2%2Ftags&post=73"}],"curies":[{"name":"wp","href":"https:\/\/api.w.org\/{rel}","templated":true}]}}