{"id":424,"date":"2019-01-15T11:30:34","date_gmt":"2019-01-15T10:30:34","guid":{"rendered":"http:\/\/www.ilgiornaledicarmignano.it\/?p=424"},"modified":"2019-02-05T10:13:51","modified_gmt":"2019-02-05T09:13:51","slug":"comeana-ricorda-il-bombardamento-del-17-gennaio-1944","status":"publish","type":"post","link":"https:\/\/www.ilgiornaledicarmignano.it\/?p=424","title":{"rendered":"Comeana ricorda il bombardamento del 17 gennaio 1944"},"content":{"rendered":"<p>Era il 17 gennaio del 1944 quando sessanta bombe alleate caddero per sbaglio nei campi intorno a Comeana causando la morte del giovanissimo Pasquale Meliota, 21enne marinaio pugliese che in seguito all\u2019armistizio dell\u20198 settembre 1943 si era nascosto in Toscana per evitare l\u2019imbarco per l\u2019Albania. Il giovane marinaio fu investito in pieno dall\u2019onda d\u2019urto di una deflagrazione vicino all\u2019argine dell\u2019Ombrone. Un morto e tredici feriti, questo il bilancio del <strong><b>bombardamento di Comeana, ancora oggi ricordato come l\u2019avvenimento pi\u00f9 doloroso della storia moderna.<\/b><\/strong><\/p>\n<p>A 75 anni dall\u2019accaduto <strong><b>l\u2019associazione culturale Frammenti di Memoria vuole sottolineare la ricorrenza riproponendo la proiezione del film documentario \u201cIl bombardamento di Comeana 17 gennaio 1944\u201d<\/b><\/strong> e spiegando le motivazioni reali del bombardamento. Un lavoro realizzato due anni fa dall\u2019associazione grazie ad un progetto nato in collaborazione con la Casa Accoglienza Anziani di Comeana, al quale il Comune di Carmignano ha contribuito. L\u2019appuntamento \u00e8 per <strong><b>gioved\u00ec 17 gennaio alle 21 allo Spazio Giovani di Comeana<\/b><\/strong> (piazza C. Battisti 17\/19). L\u2019iniziativa \u00e8 patrocinata dal Comune di Carmignano.<\/p>\n<p>Si \u00e8, infatti, sempre pensato che le bombe americane fossero cadute sul paese per sbaglio e che il vero bersaglio fosse il vicino dinamitificio Nobel. E, in effetti, l\u2019errore ci fu, ma l\u2019obiettivo degli aerei americani non era la Nobel ma la stazione ferroviaria di Prato. Qualcosa per\u00f2 nel corso della missione and\u00f2 storto e le bombe furono sganciate per sbaglio su Comeana. <strong><b>Tutta la verit\u00e0 su quella terribile giornata, che nessuno a Comeana potr\u00e0 mai dimenticare, sta in quei trentacinque minuti di video<\/b><\/strong> in cui alle interviste degli anziani del paese, testimoni diretti dell&#8217;evento, allora giovani se non bambini, si susseguono inediti documenti di archivio, foto e resoconti militari.<\/p>\n<p>La serata \u00e8 a ingresso libero, tutta la cittadinanza \u00e8 invitata a partecipare.<\/p>\n","protected":false},"excerpt":{"rendered":"<p>Era il 17 gennaio del 1944 quando sessanta bombe alleate caddero per sbaglio nei campi intorno a Comeana causando la morte del giovanissimo Pasquale Meliota, 21enne marinaio pugliese che in seguito all\u2019armistizio dell\u20198 settembre 1943 si era nascosto in Toscana per evitare l\u2019imbarco per l\u2019Albania. Il giovane marinaio fu investito in pieno dall\u2019onda d\u2019urto di &hellip; <a href=\"https:\/\/www.ilgiornaledicarmignano.it\/?p=424\" class=\"more-link\">Continua la lettura di <span class=\"screen-reader-text\">Comeana ricorda il bombardamento del 17 gennaio 1944<\/span> <span class=\"meta-nav\">&rarr;<\/span><\/a><\/p>\n","protected":false},"author":8,"featured_media":425,"comment_status":"closed","ping_status":"open","sticky":false,"template":"","format":"standard","meta":{"ngg_post_thumbnail":0},"categories":[12,3],"tags":[],"_links":{"self":[{"href":"https:\/\/www.ilgiornaledicarmignano.it\/index.php?rest_route=\/wp\/v2\/posts\/424"}],"collection":[{"href":"https:\/\/www.ilgiornaledicarmignano.it\/index.php?rest_route=\/wp\/v2\/posts"}],"about":[{"href":"https:\/\/www.ilgiornaledicarmignano.it\/index.php?rest_route=\/wp\/v2\/types\/post"}],"author":[{"embeddable":true,"href":"https:\/\/www.ilgiornaledicarmignano.it\/index.php?rest_route=\/wp\/v2\/users\/8"}],"replies":[{"embeddable":true,"href":"https:\/\/www.ilgiornaledicarmignano.it\/index.php?rest_route=%2Fwp%2Fv2%2Fcomments&post=424"}],"version-history":[{"count":1,"href":"https:\/\/www.ilgiornaledicarmignano.it\/index.php?rest_route=\/wp\/v2\/posts\/424\/revisions"}],"predecessor-version":[{"id":426,"href":"https:\/\/www.ilgiornaledicarmignano.it\/index.php?rest_route=\/wp\/v2\/posts\/424\/revisions\/426"}],"wp:featuredmedia":[{"embeddable":true,"href":"https:\/\/www.ilgiornaledicarmignano.it\/index.php?rest_route=\/wp\/v2\/media\/425"}],"wp:attachment":[{"href":"https:\/\/www.ilgiornaledicarmignano.it\/index.php?rest_route=%2Fwp%2Fv2%2Fmedia&parent=424"}],"wp:term":[{"taxonomy":"category","embeddable":true,"href":"https:\/\/www.ilgiornaledicarmignano.it\/index.php?rest_route=%2Fwp%2Fv2%2Fcategories&post=424"},{"taxonomy":"post_tag","embeddable":true,"href":"https:\/\/www.ilgiornaledicarmignano.it\/index.php?rest_route=%2Fwp%2Fv2%2Ftags&post=424"}],"curies":[{"name":"wp","href":"https:\/\/api.w.org\/{rel}","templated":true}]}}