{"id":405,"date":"2019-01-09T13:40:52","date_gmt":"2019-01-09T12:40:52","guid":{"rendered":"http:\/\/www.ilgiornaledicarmignano.it\/?p=405"},"modified":"2019-01-10T09:42:05","modified_gmt":"2019-01-10T08:42:05","slug":"qualita-dellaria-superato-il-valore-limite-di-polveri-sottili-scatta-il-divieto-di-uso-di-caminetti-e-stufe","status":"publish","type":"post","link":"https:\/\/www.ilgiornaledicarmignano.it\/?p=405","title":{"rendered":"Qualit\u00e0 dell&#8217;aria, superato il valore limite di polveri sottili: scatta il divieto di uso di caminetti e stufe"},"content":{"rendered":"<p>In seguito al superamento del valore limite di polveri sottili, anche a Carmignano scattano le misure restrittive al fine di ridurre le emissioni di Pm 10 in atmosfera. Il sindaco del Comune di Carmignano Edoardo Prestanti ha infatti firmato <strong><b>un\u2019ordinanza che avr\u00e0 validit\u00e0 fino a domenica 13 gennaio, secondo la quale \u00e8<\/b><\/strong> <strong><b>vietato l\u2019uso di biomasse (legna\/pellet, etc) in caminetti e stufe,<\/b><\/strong> a meno che questi non costituiscano l&#8217;unica fonte di riscaldamento dell&#8217;immobile oppure siano utilizzate tramite impianti ad alta efficienza. L\u2019ordinanza impone inoltre di <strong><b>spegnere il motore di motocicli ed automezzi in caso di file e\/o soste prolungate<\/b><\/strong>.<\/p>\n<p>Resta inoltre attivo il rispetto dell\u2019ordinanza del 29 ottobre scorso che vieta l\u2019accensione di fuochi e di abbruciamento, all\u2019aperto, di sfalci, residui vegetali o altro, nelle aree del territorio comunale poste a quota inferiore a 200 metri sul livello del mare.<\/p>\n<p><strong><b>I cittadini sono inoltre invitati ad adottare ulteriori comportamenti virtuosi<\/b><\/strong> per ridurre le emissioni di materiale particolato: contenere i consumi energetici, evitando inutili sprechi, nella gestione degli impianti di riscaldamento (attraverso per esempio una corretta regolazione degli orari di accensione ed il controllo della temperatura massima); \u00a0utilizzare il pi\u00f9 possibile i mezzi pubblici o mezzi di trasporto non inquinanti.<\/p>\n","protected":false},"excerpt":{"rendered":"<p>In seguito al superamento del valore limite di polveri sottili, anche a Carmignano scattano le misure restrittive al fine di ridurre le emissioni di Pm 10 in atmosfera. Il sindaco del Comune di Carmignano Edoardo Prestanti ha infatti firmato un\u2019ordinanza che avr\u00e0 validit\u00e0 fino a domenica 13 gennaio, secondo la quale \u00e8 vietato l\u2019uso di &hellip; <a href=\"https:\/\/www.ilgiornaledicarmignano.it\/?p=405\" class=\"more-link\">Continua la lettura di <span class=\"screen-reader-text\">Qualit\u00e0 dell&#8217;aria, superato il valore limite di polveri sottili: scatta il divieto di uso di caminetti e stufe<\/span> <span class=\"meta-nav\">&rarr;<\/span><\/a><\/p>\n","protected":false},"author":8,"featured_media":177,"comment_status":"closed","ping_status":"open","sticky":false,"template":"","format":"standard","meta":{"ngg_post_thumbnail":0},"categories":[8],"tags":[2],"_links":{"self":[{"href":"https:\/\/www.ilgiornaledicarmignano.it\/index.php?rest_route=\/wp\/v2\/posts\/405"}],"collection":[{"href":"https:\/\/www.ilgiornaledicarmignano.it\/index.php?rest_route=\/wp\/v2\/posts"}],"about":[{"href":"https:\/\/www.ilgiornaledicarmignano.it\/index.php?rest_route=\/wp\/v2\/types\/post"}],"author":[{"embeddable":true,"href":"https:\/\/www.ilgiornaledicarmignano.it\/index.php?rest_route=\/wp\/v2\/users\/8"}],"replies":[{"embeddable":true,"href":"https:\/\/www.ilgiornaledicarmignano.it\/index.php?rest_route=%2Fwp%2Fv2%2Fcomments&post=405"}],"version-history":[{"count":1,"href":"https:\/\/www.ilgiornaledicarmignano.it\/index.php?rest_route=\/wp\/v2\/posts\/405\/revisions"}],"predecessor-version":[{"id":406,"href":"https:\/\/www.ilgiornaledicarmignano.it\/index.php?rest_route=\/wp\/v2\/posts\/405\/revisions\/406"}],"wp:featuredmedia":[{"embeddable":true,"href":"https:\/\/www.ilgiornaledicarmignano.it\/index.php?rest_route=\/wp\/v2\/media\/177"}],"wp:attachment":[{"href":"https:\/\/www.ilgiornaledicarmignano.it\/index.php?rest_route=%2Fwp%2Fv2%2Fmedia&parent=405"}],"wp:term":[{"taxonomy":"category","embeddable":true,"href":"https:\/\/www.ilgiornaledicarmignano.it\/index.php?rest_route=%2Fwp%2Fv2%2Fcategories&post=405"},{"taxonomy":"post_tag","embeddable":true,"href":"https:\/\/www.ilgiornaledicarmignano.it\/index.php?rest_route=%2Fwp%2Fv2%2Ftags&post=405"}],"curies":[{"name":"wp","href":"https:\/\/api.w.org\/{rel}","templated":true}]}}