{"id":394,"date":"2019-01-03T13:26:38","date_gmt":"2019-01-03T12:26:38","guid":{"rendered":"http:\/\/www.ilgiornaledicarmignano.it\/?p=394"},"modified":"2019-01-03T13:26:38","modified_gmt":"2019-01-03T12:26:38","slug":"incentivi-alle-attivita-economiche-nel-centro-di-carmignano-e-delle-frazioni-presentate-tredici-richieste","status":"publish","type":"post","link":"https:\/\/www.ilgiornaledicarmignano.it\/?p=394","title":{"rendered":"Incentivi alle attivit\u00e0 economiche nel centro di Carmignano e delle frazioni, presentate tredici richieste"},"content":{"rendered":"<p>Sostenere chi decide di aprire una nuova attivit\u00e0 nel centro di Carmignano e delle frazioni e supportare chi ha gi\u00e0 un\u2019impresa e si impegna a mantenerla per almeno cinque anni, cos\u00ec da rivitalizzare e rendere sempre pi\u00f9 attrattivo il territorio, accrescerne la qualit\u00e0, la vivibilit\u00e0 e la sicurezza, favorire l\u2019occupazione e promuovere l\u2019artigianato tipico. Con questo spirito il Comune di Carmignano nel 2018 ha pubblicato un bando per l\u2019assegnazione di incentivi a sostegno delle attivit\u00e0 economiche e lo scorso anno ha stanziato per questa finalit\u00e0 45mila euro.<\/p>\n<p>Un&#8217;iniziativa che ha avuto un buon riscontro: sono state <strong>tredici le richieste di adesione pervenute al Comune di Carmignano, cinque per nuove attivit\u00e0 e otto riguardanti realt\u00e0 esistenti<\/strong>. Si tratta di attivit\u00e0 di vario genere, da quelle commerciali a quelle artigianali e del settore alimentare, ma anche attivit\u00e0 di vicinato e altre imprese rivolte al pubblico, dislocate in tutto il territorio comunale. Le domande nel mese di gennaio saranno vagliate da una commissione di valutazione, che controller\u00e0 la corrispondenza ai termini del bando e la sussistenza di tutti i requisiti. La graduatoria definitiva degli aventi diritto sar\u00e0 pubblicata sul sito del Comune di Carmignano, i contributi verranno erogati entro fine gennaio.<\/p>\n<p><strong>Gli incentivi avranno durata triennale<\/strong> e, per coloro che hanno un&#8217;attivit\u00e0 al 31 dicembre del 2017 e si impegnano a mantenerla per almeno cinque anni, consistono in un contributo pari al 30% della Tari dovuta e pagata. Chi intende invece aprire una nuova attivit\u00e0, se il locale \u00e8 in affitto ricever\u00e0 un contributo per il pagamento del canone di locazione dell&#8217;immobile pari al 60% dell\u2019importo per il primo anno, al 40% per il secondo e al 20% per il terzo anno; a chi invece intende aprire una nuova attivit\u00e0 e ha la disponibilit\u00e0 del locale dove insediarla verr\u00e0 dato un contributo nella misura del 100% dell\u2019Imu gravante sull\u2019immobile.<\/p>\n<p>\u201cSiamo molto soddisfatti di questo risultato, di poter sostenere nuove start up che intendono scommettere ed investire sul nostro territorio e di aiutare coloro che gi\u00e0 operano nei nostri centri \u2013 ha spiegato <strong><b>l\u2019assessore al Commercio e alle Attivit\u00e0 produttive Francesco Paoletti<\/b><\/strong> -. L&#8217;attenzione dell&#8217;amministrazione su questo fronte resta sempre alta, certi che la presenza di attivit\u00e0 commerciali nei nostri centri, oltre a produrre ricchezza, abbia un importantissimo ruolo sociale e di presidio del territorio. Obiettivo del bando \u00e8, infatti, quello di riportare vita nel centro di Carmignano e delle frazioni, garantire la sicurezza e valorizzare un territorio importante come il nostro, sul quale vale la pena scommettere&#8221;.<\/p>\n<p>Un percorso, quello intrapreso dall&#8217;amministrazione comunale per aiutare le nuove e gi\u00e0 esistenti attivit\u00e0 commerciali, che proseguir\u00e0 anche nell&#8217;anno che \u00e8 appena iniziato: <strong>nel bilancio di previsione 2019<\/strong>, approvato in tempi record lo scorso 21 dicembre 2018, <strong>sono stati infatti confermati gli stessi fondi a sostegno delle imprese (nuove o esistenti) del territorio<\/strong>: &#8220;Abbiamo intenzione di riproporre il bando anche per il 2019 &#8211; ha concluso <strong>Paoletti<\/strong> -, per questo motivo abbiamo nuovamente finanziato anche per quest&#8217;anno gli stessi importi, cos\u00ec da poter incrementare sempre di pi\u00f9 la nascita di nuove attivit\u00e0 commerciali e sostenere le realt\u00e0 gi\u00e0 presenti. Continueremo inoltre a mantenere aperto un canale di dialogo con i commercianti del territorio, volto a sostenerne le attivit\u00e0&#8221;.<\/p>\n","protected":false},"excerpt":{"rendered":"<p>Sostenere chi decide di aprire una nuova attivit\u00e0 nel centro di Carmignano e delle frazioni e supportare chi ha gi\u00e0 un\u2019impresa e si impegna a mantenerla per almeno cinque anni, cos\u00ec da rivitalizzare e rendere sempre pi\u00f9 attrattivo il territorio, accrescerne la qualit\u00e0, la vivibilit\u00e0 e la sicurezza, favorire l\u2019occupazione e promuovere l\u2019artigianato tipico. Con &hellip; <a href=\"https:\/\/www.ilgiornaledicarmignano.it\/?p=394\" class=\"more-link\">Continua la lettura di <span class=\"screen-reader-text\">Incentivi alle attivit\u00e0 economiche nel centro di Carmignano e delle frazioni, presentate tredici richieste<\/span> <span class=\"meta-nav\">&rarr;<\/span><\/a><\/p>\n","protected":false},"author":8,"featured_media":395,"comment_status":"closed","ping_status":"open","sticky":false,"template":"","format":"standard","meta":{"ngg_post_thumbnail":0},"categories":[10,7],"tags":[2],"_links":{"self":[{"href":"https:\/\/www.ilgiornaledicarmignano.it\/index.php?rest_route=\/wp\/v2\/posts\/394"}],"collection":[{"href":"https:\/\/www.ilgiornaledicarmignano.it\/index.php?rest_route=\/wp\/v2\/posts"}],"about":[{"href":"https:\/\/www.ilgiornaledicarmignano.it\/index.php?rest_route=\/wp\/v2\/types\/post"}],"author":[{"embeddable":true,"href":"https:\/\/www.ilgiornaledicarmignano.it\/index.php?rest_route=\/wp\/v2\/users\/8"}],"replies":[{"embeddable":true,"href":"https:\/\/www.ilgiornaledicarmignano.it\/index.php?rest_route=%2Fwp%2Fv2%2Fcomments&post=394"}],"version-history":[{"count":1,"href":"https:\/\/www.ilgiornaledicarmignano.it\/index.php?rest_route=\/wp\/v2\/posts\/394\/revisions"}],"predecessor-version":[{"id":396,"href":"https:\/\/www.ilgiornaledicarmignano.it\/index.php?rest_route=\/wp\/v2\/posts\/394\/revisions\/396"}],"wp:featuredmedia":[{"embeddable":true,"href":"https:\/\/www.ilgiornaledicarmignano.it\/index.php?rest_route=\/wp\/v2\/media\/395"}],"wp:attachment":[{"href":"https:\/\/www.ilgiornaledicarmignano.it\/index.php?rest_route=%2Fwp%2Fv2%2Fmedia&parent=394"}],"wp:term":[{"taxonomy":"category","embeddable":true,"href":"https:\/\/www.ilgiornaledicarmignano.it\/index.php?rest_route=%2Fwp%2Fv2%2Fcategories&post=394"},{"taxonomy":"post_tag","embeddable":true,"href":"https:\/\/www.ilgiornaledicarmignano.it\/index.php?rest_route=%2Fwp%2Fv2%2Ftags&post=394"}],"curies":[{"name":"wp","href":"https:\/\/api.w.org\/{rel}","templated":true}]}}