{"id":391,"date":"2018-12-21T12:30:39","date_gmt":"2018-12-21T11:30:39","guid":{"rendered":"http:\/\/www.ilgiornaledicarmignano.it\/?p=391"},"modified":"2019-01-02T11:04:37","modified_gmt":"2019-01-02T10:04:37","slug":"un-nuovo-scuolabus-a-disposizione-degli-studenti-di-carmignano","status":"publish","type":"post","link":"https:\/\/www.ilgiornaledicarmignano.it\/?p=391","title":{"rendered":"Un nuovo scuolabus a disposizione degli studenti di Carmignano"},"content":{"rendered":"<p><strong>Un nuovo scuolabus da 32 posti<\/strong> per il trasporto scolastico degli alunni delle scuole dell\u2019infanzia, primaria e secondaria di primo grado del Comune di Carmignano. <strong>Ad acquistarlo \u00e8 stata la stessa amministrazione comunale con fondi propri<\/strong>, che ha voluto cos\u00ec ampliare il proprio parco mezzi per garantire una copertura maggiore e un servizio ulteriore per tutti gli studenti.<\/p>\n<p>\u201cLa scuola \u00e8 una delle nostre priorit\u00e0 e con questo nuovo mezzo vogliamo mantenere elevata la qualit\u00e0 del servizio di trasporto scolastico \u2013 ha detto <strong>il Sindaco Edoardo Prestanti<\/strong> -. In controtendenza alla privatizzazione dei servizi pubblici, acquistando questo nuovo scuolabus con fondi interni, vogliamo ribadire che il trasporto \u00e8 un servizio essenziale e continueremo ad investire in questa direzione\u201d.<\/p>\n<p>Il mezzo, consegnato al Comune qualche giorno fa e gi\u00e0 pienamente in funzione, andr\u00e0 a sostituire un altro scuolabus ormai datato e che necessitava di frequenti interventi di manutenzione e riparazione. Da qui la volont\u00e0 dell\u2019amministrazione di procedere all\u2019acquisto di un altro <strong>scuolabus con capienza di 29 posti per gli studenti, pi\u00f9 uno per l\u2019autista e 3 per gli accompagnatori.<\/strong> Sono cos\u00ec tre in totale gli scuolabus in dotazione al servizio Pubblica Istruzione del Comune e utilizzati per il trasporto scolastico.<\/p>\n<p><strong>Il mezzo \u00e8 costato 76.849,26 euro<\/strong> (iva inclusa) ed \u00e8 dotato di ogni confort.<\/p>\n<p>\u201cCon l\u2019arrivo di questo nuovo scuolabus riusciremo a garantire un servizio sempre pi\u00f9 efficiente e moderno, oltre che ad agevolare l\u2019organizzazione di gite scolastiche, in quanto l\u2019autobus \u00e8 omologato anche per tre accompagnatori adulti \u2013 ha spiegato <strong>l\u2019assessore alla Pubblica Istruzione Tamara Cecconi<\/strong> -. Investire nell\u2019istruzione e nei servizi scolastici significa scommettere nel futuro dei nostri giovani\u201d.21<\/p>\n","protected":false},"excerpt":{"rendered":"<p>Un nuovo scuolabus da 32 posti per il trasporto scolastico degli alunni delle scuole dell\u2019infanzia, primaria e secondaria di primo grado del Comune di Carmignano. Ad acquistarlo \u00e8 stata la stessa amministrazione comunale con fondi propri, che ha voluto cos\u00ec ampliare il proprio parco mezzi per garantire una copertura maggiore e un servizio ulteriore per &hellip; <a href=\"https:\/\/www.ilgiornaledicarmignano.it\/?p=391\" class=\"more-link\">Continua la lettura di <span class=\"screen-reader-text\">Un nuovo scuolabus a disposizione degli studenti di Carmignano<\/span> <span class=\"meta-nav\">&rarr;<\/span><\/a><\/p>\n","protected":false},"author":8,"featured_media":392,"comment_status":"closed","ping_status":"open","sticky":false,"template":"","format":"standard","meta":{"ngg_post_thumbnail":0},"categories":[7,13],"tags":[2],"_links":{"self":[{"href":"https:\/\/www.ilgiornaledicarmignano.it\/index.php?rest_route=\/wp\/v2\/posts\/391"}],"collection":[{"href":"https:\/\/www.ilgiornaledicarmignano.it\/index.php?rest_route=\/wp\/v2\/posts"}],"about":[{"href":"https:\/\/www.ilgiornaledicarmignano.it\/index.php?rest_route=\/wp\/v2\/types\/post"}],"author":[{"embeddable":true,"href":"https:\/\/www.ilgiornaledicarmignano.it\/index.php?rest_route=\/wp\/v2\/users\/8"}],"replies":[{"embeddable":true,"href":"https:\/\/www.ilgiornaledicarmignano.it\/index.php?rest_route=%2Fwp%2Fv2%2Fcomments&post=391"}],"version-history":[{"count":1,"href":"https:\/\/www.ilgiornaledicarmignano.it\/index.php?rest_route=\/wp\/v2\/posts\/391\/revisions"}],"predecessor-version":[{"id":393,"href":"https:\/\/www.ilgiornaledicarmignano.it\/index.php?rest_route=\/wp\/v2\/posts\/391\/revisions\/393"}],"wp:featuredmedia":[{"embeddable":true,"href":"https:\/\/www.ilgiornaledicarmignano.it\/index.php?rest_route=\/wp\/v2\/media\/392"}],"wp:attachment":[{"href":"https:\/\/www.ilgiornaledicarmignano.it\/index.php?rest_route=%2Fwp%2Fv2%2Fmedia&parent=391"}],"wp:term":[{"taxonomy":"category","embeddable":true,"href":"https:\/\/www.ilgiornaledicarmignano.it\/index.php?rest_route=%2Fwp%2Fv2%2Fcategories&post=391"},{"taxonomy":"post_tag","embeddable":true,"href":"https:\/\/www.ilgiornaledicarmignano.it\/index.php?rest_route=%2Fwp%2Fv2%2Ftags&post=391"}],"curies":[{"name":"wp","href":"https:\/\/api.w.org\/{rel}","templated":true}]}}