{"id":384,"date":"2018-12-16T21:54:33","date_gmt":"2018-12-16T20:54:33","guid":{"rendered":"http:\/\/www.ilgiornaledicarmignano.it\/?p=384"},"modified":"2019-01-02T10:57:09","modified_gmt":"2019-01-02T09:57:09","slug":"allerta-meteo-domani-scuole-chiuse-a-carmignano","status":"publish","type":"post","link":"https:\/\/www.ilgiornaledicarmignano.it\/?p=384","title":{"rendered":"Allerta meteo, domani scuole chiuse a Carmignano"},"content":{"rendered":"<p style=\"text-align: justify;\">A causa dell\u2019allerta meteo gialla per neve e vento, e in seguito all\u2019intensificarsi delle precipitazioni nevose anche a bassa quota, il sindaco del Comune di Carmignano Edoardo Prestanti ha disposto per <strong>domani, luned\u00ec 17 dicembre, la chiusura di tutte le scuole. <\/strong><\/p>\n<p style=\"text-align: justify;\">L\u2019ultimo bollettino meteo emesso dal Centro Funzionale della Regione Toscana ha evidenziato che anche nelle prossime ore le precipitazioni continueranno a interessare il territorio regionale e la quota della neve rimarr\u00e0 pi\u00f9 o meno quella attuale fino alla mezzanotte, cio\u00e8 100-300 metri. Per garantire quanto possibile la pubblica incolumit\u00e0 e prevenire eventuali situazioni di pericolo causate dal verificarsi delle situazioni meteo previste, <strong>il sindaco ha firmato un\u2019ordinanza di chiusura di tutte le scuole di ogni ordine e grado, pubbliche e private, e degli asili nido presenti sul territorio del Comune di Carmignano per la giornata di domani, luned\u00ec 17 dicembre. E\u2019 stato disposto inoltre il divieto di circolazione sull\u2019intera viabilit\u00e0 comunale di veicoli non dotati di pneumatici da neve o catene da neve a bordo.<\/strong><\/p>\n<p style=\"text-align: justify;\">\u201cAbbiamo deciso a scopo precauzionale di chiudere tutte le scuole \u2013 ha detto il<strong> sindaco Prestanti <\/strong>\u2013 una decisione presa non con superficialit\u00e0, ma perch\u00e9 le previsioni meteo sono incerte. Alcune strade sono ancora bloccate e il rischio ghiaccio \u00e8 elevato. La sicurezza dei nostri studenti e del personale scolastico viene prima di tutto\u201d.<\/p>\n<p style=\"text-align: justify;\">In azione nelle zone pi\u00f9 a rischio mezzi spargisale e spalaneve. Si\u00a0raccomanda la massima prudenza, di limitare al massimo gli spostamenti e di non mettersi in strada se non per estrema necessit\u00e0.<\/p>\n<p style=\"text-align: justify;\"><strong>La protezione civile sta monitorando costantemente la situazione e continuer\u00e0 a farlo durante tutta la notte.<span style=\"font-weight: normal;\"> I<\/span><span style=\"font-weight: normal;\"> cittadini saranno costantemente aggiornati tramite il sito del Comune di Carmignano, la pagina Facebook dell\u2019ente e il servizio WhatsApp.<\/span><\/strong><\/p>\n","protected":false},"excerpt":{"rendered":"<p>A causa dell\u2019allerta meteo gialla per neve e vento, e in seguito all\u2019intensificarsi delle precipitazioni nevose anche a bassa quota, il sindaco del Comune di Carmignano Edoardo Prestanti ha disposto per domani, luned\u00ec 17 dicembre, la chiusura di tutte le scuole. L\u2019ultimo bollettino meteo emesso dal Centro Funzionale della Regione Toscana ha evidenziato che anche &hellip; <a href=\"https:\/\/www.ilgiornaledicarmignano.it\/?p=384\" class=\"more-link\">Continua la lettura di <span class=\"screen-reader-text\">Allerta meteo, domani scuole chiuse a Carmignano<\/span> <span class=\"meta-nav\">&rarr;<\/span><\/a><\/p>\n","protected":false},"author":8,"featured_media":385,"comment_status":"closed","ping_status":"open","sticky":false,"template":"","format":"standard","meta":{"ngg_post_thumbnail":0},"categories":[7],"tags":[2],"_links":{"self":[{"href":"https:\/\/www.ilgiornaledicarmignano.it\/index.php?rest_route=\/wp\/v2\/posts\/384"}],"collection":[{"href":"https:\/\/www.ilgiornaledicarmignano.it\/index.php?rest_route=\/wp\/v2\/posts"}],"about":[{"href":"https:\/\/www.ilgiornaledicarmignano.it\/index.php?rest_route=\/wp\/v2\/types\/post"}],"author":[{"embeddable":true,"href":"https:\/\/www.ilgiornaledicarmignano.it\/index.php?rest_route=\/wp\/v2\/users\/8"}],"replies":[{"embeddable":true,"href":"https:\/\/www.ilgiornaledicarmignano.it\/index.php?rest_route=%2Fwp%2Fv2%2Fcomments&post=384"}],"version-history":[{"count":1,"href":"https:\/\/www.ilgiornaledicarmignano.it\/index.php?rest_route=\/wp\/v2\/posts\/384\/revisions"}],"predecessor-version":[{"id":386,"href":"https:\/\/www.ilgiornaledicarmignano.it\/index.php?rest_route=\/wp\/v2\/posts\/384\/revisions\/386"}],"wp:featuredmedia":[{"embeddable":true,"href":"https:\/\/www.ilgiornaledicarmignano.it\/index.php?rest_route=\/wp\/v2\/media\/385"}],"wp:attachment":[{"href":"https:\/\/www.ilgiornaledicarmignano.it\/index.php?rest_route=%2Fwp%2Fv2%2Fmedia&parent=384"}],"wp:term":[{"taxonomy":"category","embeddable":true,"href":"https:\/\/www.ilgiornaledicarmignano.it\/index.php?rest_route=%2Fwp%2Fv2%2Fcategories&post=384"},{"taxonomy":"post_tag","embeddable":true,"href":"https:\/\/www.ilgiornaledicarmignano.it\/index.php?rest_route=%2Fwp%2Fv2%2Ftags&post=384"}],"curies":[{"name":"wp","href":"https:\/\/api.w.org\/{rel}","templated":true}]}}