{"id":369,"date":"2018-12-27T14:33:25","date_gmt":"2018-12-27T13:33:25","guid":{"rendered":"http:\/\/www.ilgiornaledicarmignano.it\/?p=369"},"modified":"2019-01-02T09:35:16","modified_gmt":"2019-01-02T08:35:16","slug":"giunta-prestanti-per-il-2019-diminuiscono-le-tasse-obiettivo-puntato-su-manutenzione-del-patrimonio-pubblico-tutela-dellambiente-scuola-e-sociale","status":"publish","type":"post","link":"https:\/\/www.ilgiornaledicarmignano.it\/?p=369","title":{"rendered":"Giunta Prestanti, per il 2019 diminuiscono le tasse. Obiettivo puntato su manutenzione del patrimonio pubblico, tutela dell\u2019ambiente, scuola e sociale"},"content":{"rendered":"<p>Capillare manutenzione del patrimonio pubblico, prevenzione del rischio idrogeologico, sostegno alle attivit\u00e0 produttive, commerciali, turistiche e culturali del territorio. E poi ancora interventi mirati su Scuola e Sociale. Tutto ci\u00f2 mantenendo invariate tasse e tariffe comunali, anzi avviando la riduzione della Tari. Sono queste <strong><b>le priorit\u00e0 della giunta Prestanti, che ha tirato le somme sull\u2019anno trascorso ed ha espresso i \u201cbuoni propositi\u201d per quello che sta per iniziare<\/b><\/strong>, e cio\u00e8 investimenti da 2 milioni e 400mila euro per l\u2019ambiente, 1 milione e 700 mila sul fronte dei lavori pubblici, 1 milione e 600mila euro per la scuola e 1 milione e mezzo per il sociale.<\/p>\n<p>\u201cIl 2018 \u00e8 stato un anno molto intenso durante il quale siamo intervenuti su vari fronti e abbiamo progettato una serie di operazioni necessarie per la crescita e lo sviluppo del nostro territorio e per la tutela dei cittadini \u2013 ha spiegato il <strong><b>sindaco Edoardo Prestanti<\/b><\/strong> -. Tra i tanti progetti portati avanti quest\u2019anno, il potenziamento del sistema di videosorveglianza, il pi\u00f9 grande investimento fatto dal Comune negli ultimi dieci anni per quanto riguarda la sicurezza del territorio, grazie al quale siamo andati a coprire tutte le entrate e le uscite di Carmignano. Ma anche il piano di efficientamento energetico della pubblica illuminazione, che ha permesso di sostituire tutti i corpi illuminanti con lampade a led di ultima generazione, cos\u00ec da rendere le strade pi\u00f9 sicure e garantire benefici ambientali e risparmi economici. E poi la capillare manutenzione fatta sul patrimonio pubblico del Comune, dai cimiteri alle aree verdi, fino alla rete stradale. Un lavoro importante per un territorio come il nostro, che ha bisogno non tanto di grandi opere quanto della cura puntuale e precisa del patrimonio esistente, che richiede essere valorizzato e di crescere dal punto di vista turistico e della qualit\u00e0 della vita di coloro che qui vivono e lavorano. Nel 2019 continueremo seguendo questa linea, ossia con la difesa dei beni comuni e la promozione di buone pratiche, il tutto sempre senza aumentare tasse, tariffe e tributi, e senza togliere servizi o ridurre risorse destinate ai vari ambiti di intervento\u201d.<\/p>\n<p><strong><b>Per quanto riguarda il 2019<\/b><\/strong>, il primo grande intervento che sar\u00e0 fatto sar\u00e0 l\u2019avvio dei lavori, subito dopo le festivit\u00e0, per la <strong><b>realizzazione della pista ciclopedonale<\/b><\/strong> nell\u2019ambito del Parco Agricolo della Piana: una pista, finanziata dalla Regione Toscana, che unir\u00e0 il Parco Museo Q. Martini di Seano con via Don Minzoni a Seano, si congiunger\u00e0 con la Villa Medicea di Poggio a Caiano e da l\u00ec, attraverso il Ponte Manetti, con le Cascine di Tavola. Durante il nuovo anno sar\u00e0 completato, grazie anche all&#8217;arrivo di fondi ministeriali, il progetto del <strong><b>potenziamento del sistema di videosorveglianza del Comune<\/b><\/strong>; verranno poi effettuati numerosi interventi di <strong><b>manutenzione straordinaria<\/b><\/strong> su strade, marciapiedi, giardini e scuole. Confermati anche nel 2019 i fondi di aiuto alle nuove e gi\u00e0 esistenti <strong><b>attivit\u00e0 commerciali<\/b><\/strong> e le risorse stanziate per <strong><b>scuola, sociale, ambiente, cultura e sport<\/b><\/strong>. Il 2019 sar\u00e0 anche l\u2019anno della rinascita dell\u2019antico complesso di <strong><b>Santa Caterina<\/b><\/strong>: dopo il percorso partecipativo e il concorso di idee, nell\u2019anno che sta per iniziare sar\u00e0 elaborato il progetto definitivo per il recupero della struttura.<\/p>\n<p><strong><b>Tanti i progetti portati avanti nel 2018 dai vari assessorati, altrettanti quelli che si concretizzeranno nel 2019.<\/b><\/strong><\/p>\n<p>L\u2019assessore ai <strong><b>Lavori Pubblici<\/b><\/strong> Stefano Ceccarelli <strong><b>nel 2018<\/b><\/strong> ha concentrato la sua azione nel potenziamento del sistema di videosorveglianza e nell\u2019efficientamento della pubblica illuminazione, ma anche nella posa della fibra. Numerosi sono stati gli interventi di manutenzione su strade e marciapiedi lungo tutto il territorio, con progetti mirati su Seano e Comeana. Da segnalare i lavori di manutenzione e messa in sicurezza delle scuole Q. Martini di Seano e N. Sauro di Comeana, e quelli di ritinteggiatura degli altri plessi scolastici; il rifacimento del tetto del centro cottura a La Serra e gli interventi allo Spazio d\u2019Arte Moretti di Carmignano, che ha riaperto al pubblico dopo anni di chiusura; la risistemazione del cimitero di Poggio alla Malva e gli interventi sui giardini del territorio. Per il 2019 sono in ponte interventi su strade e marciapiedi a Seano, Comeana, La Serra e Colle; sar\u00e0 fatto un primo intervento sul borgo di Artimino e si proceder\u00e0 con il secondo lotto di lavori alla Rocca di Carmignano. Per quanto riguarda la manutenzione straordinaria degli impianti sportivi, sar\u00e0 il turno di quello della Serra, mentre sui giardini s\u2019interverr\u00e0 a Seano, zona Pista Rossa e giardino A. Palloni. Saranno poi realizzati nuovi parcheggi e saranno effettuati altri interventi sulle scuole. Il tutto tenendo sempre alta l\u2019attenzione sulla sicurezza stradale, con l\u2019inserimento di deterrenti per la velocit\u00e0 di autoveicoli. Nel 2019, inoltre, si concretizzeranno i lavori al momento in gara, come i marciapiedi di Pucci e Verdini e quelli di via Marconi, l\u2019asfaltatura di via Macia e strade limitrofe, gli interventi al cimitero di Bacchereto, alcuni lavori su strade bianche comunali e la messa in sicurezza del Brucio.<\/p>\n<p>Per quanto riguarda lo <strong><b>Sport<\/b><\/strong>, i risultati ottenuti negli anni stanno crescendo: <strong><b>nel 2018<\/b><\/strong> le associazioni sportive attive erano 36 per 17 discipline, con circa 3000 tesserati, dei quali la met\u00e0 ha svolto attivit\u00e0 in impianti comunali. Tra le novit\u00e0, <strong><b>nel 2019<\/b><\/strong> sar\u00e0 dato il via al nuovo bando di gestione del Tennis di Seano, bando nel quale sar\u00e0 previsto un affitto che andr\u00e0 a finanziare un fondo di aiuto per le famiglie in difficolt\u00e0 incapaci di poter garantire l\u2019attivit\u00e0 sportiva ai propri figli. La volont\u00e0 dell\u2019amministrazione \u00e8 infatti quella di non lasciare nessuno indietro e dare a tutti la possibilit\u00e0 di fare attivit\u00e0 sportiva, uno dei metodi pi\u00f9 efficaci per prevenire molte malattie e per favorire l\u2019integrazione e la socializzazione. Confermati poi la Festa dello Sport a aprile, la settimana dello sport nelle scuole, i corsi BLSD e ASA, quelli di ginnastica dolce per la terza et\u00e0 e i corsi di nuoto estivi.<\/p>\n<p>Ingenti gli interventi portati avanti nel corso dell&#8217;anno che sta per terminare dal vicesindaco e assessore all\u2019<strong><b>Ambiente<\/b><\/strong> Federico Migaldi: <strong><b>nel 2018<\/b><\/strong> \u00e8 stato sottoscritto l\u2019accordo di programma tra Regione e Comuni beneficiari per la realizzazione di percorsi ciclopedonali, accordo che porter\u00e0 nel 2019 alla realizzazione di una ciclopista sul torrente Ombrone a Comeana, una passerella ciclopedonale sul torrente Furba e una ciclopista sul torrente Furba a Seano. Nel 2018 sono poi stati rimossi tutti i rifiuti ed \u00e8 stata bonificata un&#8217;area in localit\u00e0 Pinone, sul Montalbano, trasformatasi nel corso degli anni in una grande discarica a cielo aperto; il Comune ha anche dato avvio ad una serie di campagne comunicative e ambientali quali la lotta alle affissioni abusive e alla plastica monouso. E\u2019 entrata poi a regime quest\u2019anno la disinfestazione biologica contro le zanzare, sistema che ha iniziato a portare i suoi buoni frutti, mentre prosegue con ancora pi\u00f9 vigore la battaglia ambientale contro l\u2019uso di Glifosato e di pesticidi sull\u2019intero territorio comunale. <strong><b>Nel 2019<\/b><\/strong> continuer\u00e0 la collaborazione tra cittadini, amministrazione, Genio Civile e Consorzio di Bonifica 3 Medio Valdarno per la progettazione e realizzazione di interventi di messa in sicurezza e rigenerazione dei corsi d\u2019acqua, tra cui Elzana e Furba. Resta un importante obiettivo anche la depurazione delle acque reflue in collaborazione con Publiacqua e, nel 2019, saranno conclusi i lavori di collettamento di gran parte della frazione di Comeana, con recapito al depuratore di San Colombano. L\u2019amministrazione proseguir\u00e0 poi il percorso intrapreso per la realizzazione del primo lotto della Cassa di espansione a uso plurimo del fosso Collecchio, fondamentale per evitare gli allagamenti della parte bassa di Seano. Infine, sul fronte della raccolta porta a porta saranno individuate nuove forme d\u2019incentivazione per consentire l\u2019aumento della raccolta differenziata, che si \u00e8 attestata al primo semestre del 2018 al 76,20%.<\/p>\n<p>Sul fronte del <strong><b>Sociale<\/b><\/strong> \u00e8 stato votato il passaggio al Consorzio dei Comuni della provincia di Prato e dell\u2019Azienda Usl 4 denominato Societ\u00e0 della Salute, che gestir\u00e0 in forma diretta i servizi socio sanitari e socio assistenziali fino ad ora erogati separatamente da Asl e Comuni. Confermati anche per il 2019 gli interventi in campo alloggiativo per prevenire e rimuovere le cause di disagio socio economico, cos\u00ec come l\u2019impiego di anziani in attivit\u00e0 socialmente utili. Sar\u00e0 incrementato il fondo di solidariet\u00e0 sociale a favore dei pi\u00f9 poveri ed \u00e8 allo studio una forma di baratto fiscale per agevolare, tramite lavori socialmente utili, chi per ragioni sociali \u00e8 in stato di morosit\u00e0.<\/p>\n<p>Per quanto riguarda la politica <strong><b>Urbanistica<\/b><\/strong>, l\u2019assessore Francesco Paoletti sottolinea come a gennaio prender\u00e0 il via il procedimento per una variante al Piano Strutturale e al Regolamento Urbanistico che tender\u00e0 a valorizzare il patrimonio edilizio presente nel territorio aperto, aprendo alla deruralizzazione dei fabbricati rurali e introducendo interventi volti a tutelare l\u2019integrit\u00e0 e la bellezza delle nostre campagne. Allo studio poi l\u2019elaborazione di alcuni percorsi partecipativi per coinvolgere la cittadinanza nella riqualificazione di alcuni spazi pubblici e piazze.<\/p>\n<p>Sul fronte del <strong><b>Personale<\/b><\/strong>, nel 2019 \u00e8 prevista l\u2019assunzione di cinque persone, pi\u00f9 una a tempo determinato per la Polizia municipale. L\u2019amministrazione intende poi proseguire anche nel 2019 il sostegno alle <strong><b>Attivit\u00e0 produttive <\/b><\/strong>presenti sul territorio e sono in programma sinergie con Regione e Provincia per valorizzare le produzioni di qualit\u00e0 e tipicit\u00e0 di Carmignano. Viene confermato anche per il prossimo anno il percorso intrapreso nel 2018 a sostegno delle <strong><b>Attivit\u00e0 commerciali<\/b><\/strong>, con il bando che prevede incentivi a supporto di nuove o esistenti realt\u00e0 produttive sul territorio. Bando che ha portato alla presentazione di tredici richieste di adesione, cinque per nuove attivit\u00e0 e otto riguardanti realt\u00e0 esistenti, attualmente in fase di verifica per controllarne la corrispondenza. La volont\u00e0 dell\u2019amministrazione \u00e8 quella di riconfermare e riproporre il bando anche per il 2019. L\u2019amministrazione sar\u00e0 inoltre impegnata nell\u2019ottenimento di stato di \u201cCentro commerciale naturale\u201d di alcune zone del Comune e sta lavorando per impostare una sorta di \u201cfidelity card\u201d per gli esercizi di vicinato.<\/p>\n<p>Capitolo a parte sul settore <strong><b>Scuola<\/b><\/strong>. Molte le novit\u00e0 del <strong><b>2018<\/b><\/strong>, che si \u00e8 chiuso con l\u2019acquisto di un nuovo scuolabus: una fra tutte la validazione del nuovo men\u00f9, che segue le linee guida regionali, ma anche l\u2019attivazione della web app Men\u00f9 Chiaro, che consente ai genitori di vedere in tempo reale cosa mangiano i propri figli a mensa, le informazioni nutrizionali e molto altro. Nel 2018 sono state inserite nuove pietanze e giornate a tema che, come sottolineato dall\u2019assessore Tamara Cecconi, hanno riscosso molto gradimento. Tanti i progetti che proseguiranno <strong><b>nel 2019<\/b><\/strong>: \u201cBuon Samaritano\u201d per il recupero delle eccedenze alimentari della ristorazione scolastica; gli interventi a sostegno dei servizi educativi per la prima infanzia che consentono alle famiglie la conciliazione dei tempi casa\/lavoro; l\u2019erogazione di contributi per realizzare gli obiettivi del Pof, con particolare riguardo ai progetti per il riconoscimento e l\u2019insegnamento delle discipline agli alunni affetti da disturbi dell\u2019apprendimento; il progetto \u201cRitroviamoci dopo la scuola\u201d per contenere la dispersione scolastica e gli interventi di sostegno educativo per i ragazzi portatori di disabilit\u00e0. E poi ancora sono state riconfermate le attivit\u00e0 estive e quelle per la promozione sportiva, e i progetti relativi a tematiche calde come ambiente, educazione civica e legalit\u00e0, educazione ai corretti stili di vita e sostegno al disagio.<\/p>\n<p>Carmignano si conferma poi <strong><b>Comune sempre pi\u00f9 all\u2019avanguardia e tecnologicamente avanzato<\/b><\/strong>: nel 2018 sono state aggiornate la Bussola della trasparenza e il progetto Open Bilancio e sono stati portati a termine numerosi interventi per garantire e migliorare la connettivit\u00e0 del Comune e delle scuole. Il 2018 \u00e8 stato anche l\u2019anno dell\u2019adozione della Carta d\u2019Identit\u00e0 Elettronica, che ha mandato definitivamente in pensione quella cartacea, e dell\u2019ingresso nell\u2019Anagrafe Nazionale della Popolazione Residente. E\u2019 stato poi digitalizzato il sistema di richieste di accesso agli atti e, grande novit\u00e0, \u00e8 stata installata una nuova stazione meteo sull\u2019edificio comunale.<\/p>\n<p>Il 2018 \u00e8 stato un anno ricco di successi anche per l\u2019assessorato alla <strong><b>Cultura <\/b><\/strong>guidato da Stella Spinelli, che si \u00e8 chiuso con un\u2019Antica Fiera di Carmignano da record, con oltre 2500 presenze in soli tre giorni. Il 2018 \u00e8 stato anche l\u2019anno della prima edizione di Ognissanti Suona il Jazz, e poi delle tante grandi e piccole iniziative culturali e non solo che nel corso di questi dodici mesi hanno allietato e fatto riflettere tantissimi cittadini. Il 2018 \u00e8 stato segnato anche dall\u2019ampliamento degli spazi e dell\u2019orario di apertura della Biblioteca Comunale Aldo Palazzeschi di Seano, cos\u00ec da rispondere alle richieste di un\u2019utenza in costante aumento. Tra gli obiettivi del 2019, quello di realizzare un vero e proprio Parco Artistico e Archeologico del territorio, un\u2019entit\u00e0 con vita propria in grado di coadiuvare il lancio del territorio dal punto di vista culturale e turistico. Proseguiranno poi le attivit\u00e0 per rendere fruibile e aperta al pubblico la Casa Studio Quinto Martini, i cui lavori si concluderanno in primavera; sar\u00e0 poi recuperato il Museo della Vite e del Vino con la realizzazione di nuovi spazi di promozione locale. E\u2019 intenzione dell\u2019amministrazione quella di inaugurare un programma di educazione permanente che comprenda tutte le forme artistiche legate al Teatro in strada del San Michele. Allo studio, inoltre, nuove idee per rendere l\u2019estate carmignanese sempre pi\u00f9 ricca e attrattiva, ma soprattutto di qualit\u00e0, con iniziative che vedranno protagonista anche l\u2019Antica Rocca di Carmignano: novit\u00e0 dell\u2019estate 2019, un festival di Cantautorato Rock.<\/p>\n<p>Infine il <strong><b>Turismo<\/b><\/strong>: \u00e8 in corso il progetto dell\u2019anno leonardiano, che consister\u00e0 nella realizzazione di sentieri rinascimentali che collegano le Cascine di Tavola a Poggio, Artimino, Pontormo e Bacchereto. E\u2019 gi\u00e0 stato affidato a due storici professionisti esperti in materia un progetto di un libro su Leonardo a Bacchereto ed \u00e8 intenzione dell\u2019amministrazione quella di promuovere uno spettacolo a Bacchereto e Vinci, ricostruendo tutto il paese dell\u2019epoca leonardiana.<\/p>\n","protected":false},"excerpt":{"rendered":"<p>Capillare manutenzione del patrimonio pubblico, prevenzione del rischio idrogeologico, sostegno alle attivit\u00e0 produttive, commerciali, turistiche e culturali del territorio. E poi ancora interventi mirati su Scuola e Sociale. Tutto ci\u00f2 mantenendo invariate tasse e tariffe comunali, anzi avviando la riduzione della Tari. Sono queste le priorit\u00e0 della giunta Prestanti, che ha tirato le somme sull\u2019anno &hellip; <a href=\"https:\/\/www.ilgiornaledicarmignano.it\/?p=369\" class=\"more-link\">Continua la lettura di <span class=\"screen-reader-text\">Giunta Prestanti, per il 2019 diminuiscono le tasse. Obiettivo puntato su manutenzione del patrimonio pubblico, tutela dell\u2019ambiente, scuola e sociale<\/span> <span class=\"meta-nav\">&rarr;<\/span><\/a><\/p>\n","protected":false},"author":8,"featured_media":370,"comment_status":"closed","ping_status":"open","sticky":false,"template":"","format":"standard","meta":{"ngg_post_thumbnail":0},"categories":[7],"tags":[2],"_links":{"self":[{"href":"https:\/\/www.ilgiornaledicarmignano.it\/index.php?rest_route=\/wp\/v2\/posts\/369"}],"collection":[{"href":"https:\/\/www.ilgiornaledicarmignano.it\/index.php?rest_route=\/wp\/v2\/posts"}],"about":[{"href":"https:\/\/www.ilgiornaledicarmignano.it\/index.php?rest_route=\/wp\/v2\/types\/post"}],"author":[{"embeddable":true,"href":"https:\/\/www.ilgiornaledicarmignano.it\/index.php?rest_route=\/wp\/v2\/users\/8"}],"replies":[{"embeddable":true,"href":"https:\/\/www.ilgiornaledicarmignano.it\/index.php?rest_route=%2Fwp%2Fv2%2Fcomments&post=369"}],"version-history":[{"count":1,"href":"https:\/\/www.ilgiornaledicarmignano.it\/index.php?rest_route=\/wp\/v2\/posts\/369\/revisions"}],"predecessor-version":[{"id":371,"href":"https:\/\/www.ilgiornaledicarmignano.it\/index.php?rest_route=\/wp\/v2\/posts\/369\/revisions\/371"}],"wp:featuredmedia":[{"embeddable":true,"href":"https:\/\/www.ilgiornaledicarmignano.it\/index.php?rest_route=\/wp\/v2\/media\/370"}],"wp:attachment":[{"href":"https:\/\/www.ilgiornaledicarmignano.it\/index.php?rest_route=%2Fwp%2Fv2%2Fmedia&parent=369"}],"wp:term":[{"taxonomy":"category","embeddable":true,"href":"https:\/\/www.ilgiornaledicarmignano.it\/index.php?rest_route=%2Fwp%2Fv2%2Fcategories&post=369"},{"taxonomy":"post_tag","embeddable":true,"href":"https:\/\/www.ilgiornaledicarmignano.it\/index.php?rest_route=%2Fwp%2Fv2%2Ftags&post=369"}],"curies":[{"name":"wp","href":"https:\/\/api.w.org\/{rel}","templated":true}]}}