{"id":358,"date":"2018-12-18T12:45:19","date_gmt":"2018-12-18T11:45:19","guid":{"rendered":"http:\/\/www.ilgiornaledicarmignano.it\/?p=358"},"modified":"2019-01-02T09:23:17","modified_gmt":"2019-01-02T08:23:17","slug":"refezione-scolastica-giovedi-giornata-a-tema-con-menu-di-natale","status":"publish","type":"post","link":"https:\/\/www.ilgiornaledicarmignano.it\/?p=358","title":{"rendered":"Refezione scolastica, gioved\u00ec giornata a tema con \u201cMen\u00f9 di Natale\u201d"},"content":{"rendered":"<p>Nelle mense scolastiche di Carmignano si festeggia il Natale. Domani<strong><b>, mercoled\u00ec 19 dicembre<\/b><\/strong>, giornata di maggiore affluenza al servizio di refezione, <strong><b>a fine pasto verr\u00e0 servito a tutti i bambini il pandoro. <\/b><\/strong><\/p>\n<p><strong><b>Gioved\u00ec 20 dicembre<\/b><\/strong> invece nuovo appuntamento con le giornate con men\u00f9 a tema promosse dall\u2019amministrazione comunale di Carmignano in collaborazione con CIR Food, l\u2019azienda appaltatrice del servizio mensa. Per l\u2019occasione <strong><b>agli studenti sar\u00e0 servito un men\u00f9 natalizio:<\/b><\/strong> pasta ros\u00e8, arrosto di manzo all\u2019arancia, patate sabbiose, pane toscano e frutta di stagione.<\/p>\n<p>Ricordiamo, infine, che per visualizzare in tempo reale il men\u00f9 proposto nelle mense scolastiche, i valori nutrizionali di ogni singolo piatto, gli ingredienti e le informazioni relative alla presenza o meno di allergeni, \u00e8 possibile utilizzare dal proprio pc o smartphone la <strong><b>web app \u201cMen\u00f9 Chiaro<\/b><\/strong>\u201d.<\/p>\n<p>&nbsp;<\/p>\n","protected":false},"excerpt":{"rendered":"<p>Nelle mense scolastiche di Carmignano si festeggia il Natale. Domani, mercoled\u00ec 19 dicembre, giornata di maggiore affluenza al servizio di refezione, a fine pasto verr\u00e0 servito a tutti i bambini il pandoro. Gioved\u00ec 20 dicembre invece nuovo appuntamento con le giornate con men\u00f9 a tema promosse dall\u2019amministrazione comunale di Carmignano in collaborazione con CIR Food, &hellip; <a href=\"https:\/\/www.ilgiornaledicarmignano.it\/?p=358\" class=\"more-link\">Continua la lettura di <span class=\"screen-reader-text\">Refezione scolastica, gioved\u00ec giornata a tema con \u201cMen\u00f9 di Natale\u201d<\/span> <span class=\"meta-nav\">&rarr;<\/span><\/a><\/p>\n","protected":false},"author":8,"featured_media":121,"comment_status":"closed","ping_status":"open","sticky":false,"template":"","format":"standard","meta":{"ngg_post_thumbnail":0},"categories":[7,13],"tags":[],"_links":{"self":[{"href":"https:\/\/www.ilgiornaledicarmignano.it\/index.php?rest_route=\/wp\/v2\/posts\/358"}],"collection":[{"href":"https:\/\/www.ilgiornaledicarmignano.it\/index.php?rest_route=\/wp\/v2\/posts"}],"about":[{"href":"https:\/\/www.ilgiornaledicarmignano.it\/index.php?rest_route=\/wp\/v2\/types\/post"}],"author":[{"embeddable":true,"href":"https:\/\/www.ilgiornaledicarmignano.it\/index.php?rest_route=\/wp\/v2\/users\/8"}],"replies":[{"embeddable":true,"href":"https:\/\/www.ilgiornaledicarmignano.it\/index.php?rest_route=%2Fwp%2Fv2%2Fcomments&post=358"}],"version-history":[{"count":1,"href":"https:\/\/www.ilgiornaledicarmignano.it\/index.php?rest_route=\/wp\/v2\/posts\/358\/revisions"}],"predecessor-version":[{"id":359,"href":"https:\/\/www.ilgiornaledicarmignano.it\/index.php?rest_route=\/wp\/v2\/posts\/358\/revisions\/359"}],"wp:featuredmedia":[{"embeddable":true,"href":"https:\/\/www.ilgiornaledicarmignano.it\/index.php?rest_route=\/wp\/v2\/media\/121"}],"wp:attachment":[{"href":"https:\/\/www.ilgiornaledicarmignano.it\/index.php?rest_route=%2Fwp%2Fv2%2Fmedia&parent=358"}],"wp:term":[{"taxonomy":"category","embeddable":true,"href":"https:\/\/www.ilgiornaledicarmignano.it\/index.php?rest_route=%2Fwp%2Fv2%2Fcategories&post=358"},{"taxonomy":"post_tag","embeddable":true,"href":"https:\/\/www.ilgiornaledicarmignano.it\/index.php?rest_route=%2Fwp%2Fv2%2Ftags&post=358"}],"curies":[{"name":"wp","href":"https:\/\/api.w.org\/{rel}","templated":true}]}}