{"id":355,"date":"2018-12-18T11:50:58","date_gmt":"2018-12-18T10:50:58","guid":{"rendered":"http:\/\/www.ilgiornaledicarmignano.it\/?p=355"},"modified":"2019-01-02T09:22:09","modified_gmt":"2019-01-02T08:22:09","slug":"chiusura-uffici-comunali-il-24-e-31-dicembre","status":"publish","type":"post","link":"https:\/\/www.ilgiornaledicarmignano.it\/?p=355","title":{"rendered":"Chiusura uffici comunali il 24 e 31 dicembre"},"content":{"rendered":"<p>L\u2019amministrazione comunale informa che nelle giornate di <strong><b>luned\u00ec 24 e luned\u00ec 31 dicembre gli uffici comunali saranno chiusi<\/b><\/strong>.<\/p>\n<p>Verr\u00e0 comunque <strong><b>garantito<\/b><\/strong> dalle 8 alle 10 <strong><b>il servizio di reperibilit\u00e0 per denuncia di morte<\/b><\/strong>. Per quanto riguarda la Polizia Municipale, il 24 e il 31 l\u2019ufficio amministrativo e quello del messo comunale saranno chiusi al pubblico, ma gli agenti saranno regolarmente in servizio.<\/p>\n<p>Sempre il 24 e il 31 sar\u00e0 <strong><b>\u00a0chiusa anche la Biblioteca comunale<\/b><\/strong> Aldo Palazzeschi di Seano. Lo<strong><b> Spazio Giovani<\/b><\/strong> di Comeana, invece, <strong><b>sar\u00e0 chiuso dal 24 dicembre 2018 all\u20191 gennaio 2019<\/b><\/strong>, riaprir\u00e0 regolarmente il 2 gennaio 2019.<\/p>\n<p>Lo <strong><b>sportello Sori<\/b><\/strong><strong><b> di Carmignano<\/b><\/strong> (Piazza G. Matteotti 31) sar\u00e0 invece aperto al pubblico luned\u00ec 24 dicembre e sar\u00e0 chiuso il 31.<\/p>\n<p>&nbsp;<\/p>\n","protected":false},"excerpt":{"rendered":"<p>L\u2019amministrazione comunale informa che nelle giornate di luned\u00ec 24 e luned\u00ec 31 dicembre gli uffici comunali saranno chiusi. Verr\u00e0 comunque garantito dalle 8 alle 10 il servizio di reperibilit\u00e0 per denuncia di morte. Per quanto riguarda la Polizia Municipale, il 24 e il 31 l\u2019ufficio amministrativo e quello del messo comunale saranno chiusi al pubblico, &hellip; <a href=\"https:\/\/www.ilgiornaledicarmignano.it\/?p=355\" class=\"more-link\">Continua la lettura di <span class=\"screen-reader-text\">Chiusura uffici comunali il 24 e 31 dicembre<\/span> <span class=\"meta-nav\">&rarr;<\/span><\/a><\/p>\n","protected":false},"author":8,"featured_media":111,"comment_status":"closed","ping_status":"open","sticky":false,"template":"","format":"standard","meta":{"ngg_post_thumbnail":0},"categories":[7],"tags":[],"_links":{"self":[{"href":"https:\/\/www.ilgiornaledicarmignano.it\/index.php?rest_route=\/wp\/v2\/posts\/355"}],"collection":[{"href":"https:\/\/www.ilgiornaledicarmignano.it\/index.php?rest_route=\/wp\/v2\/posts"}],"about":[{"href":"https:\/\/www.ilgiornaledicarmignano.it\/index.php?rest_route=\/wp\/v2\/types\/post"}],"author":[{"embeddable":true,"href":"https:\/\/www.ilgiornaledicarmignano.it\/index.php?rest_route=\/wp\/v2\/users\/8"}],"replies":[{"embeddable":true,"href":"https:\/\/www.ilgiornaledicarmignano.it\/index.php?rest_route=%2Fwp%2Fv2%2Fcomments&post=355"}],"version-history":[{"count":2,"href":"https:\/\/www.ilgiornaledicarmignano.it\/index.php?rest_route=\/wp\/v2\/posts\/355\/revisions"}],"predecessor-version":[{"id":357,"href":"https:\/\/www.ilgiornaledicarmignano.it\/index.php?rest_route=\/wp\/v2\/posts\/355\/revisions\/357"}],"wp:featuredmedia":[{"embeddable":true,"href":"https:\/\/www.ilgiornaledicarmignano.it\/index.php?rest_route=\/wp\/v2\/media\/111"}],"wp:attachment":[{"href":"https:\/\/www.ilgiornaledicarmignano.it\/index.php?rest_route=%2Fwp%2Fv2%2Fmedia&parent=355"}],"wp:term":[{"taxonomy":"category","embeddable":true,"href":"https:\/\/www.ilgiornaledicarmignano.it\/index.php?rest_route=%2Fwp%2Fv2%2Fcategories&post=355"},{"taxonomy":"post_tag","embeddable":true,"href":"https:\/\/www.ilgiornaledicarmignano.it\/index.php?rest_route=%2Fwp%2Fv2%2Ftags&post=355"}],"curies":[{"name":"wp","href":"https:\/\/api.w.org\/{rel}","templated":true}]}}