{"id":352,"date":"2018-12-18T11:17:12","date_gmt":"2018-12-18T10:17:12","guid":{"rendered":"http:\/\/www.ilgiornaledicarmignano.it\/?p=352"},"modified":"2019-01-02T09:19:44","modified_gmt":"2019-01-02T08:19:44","slug":"i-concerti-delle-feste-a-carmignano","status":"publish","type":"post","link":"https:\/\/www.ilgiornaledicarmignano.it\/?p=352","title":{"rendered":"I Concerti delle Feste a Carmignano"},"content":{"rendered":"<p>Manca sempre meno al Natale e per cercare di vivere al meglio l\u2019atmosfera della festa pi\u00f9 magica dell\u2019anno l\u2019amministrazione comunale di Carmignano ha deciso di offrire ai cittadini un doppio concerto. Il primo appuntamento \u00e8 per <strong><b>sabato 22 dicembre alle 17.30 allo Spazio Giovani di Comeana<\/b><\/strong>, all\u2019interno della rassegna \u201cAspettando il Natale a Comeana\u201d<strong><b>, con il Gospel di Natale<\/b><\/strong> diretto da Luca Luglio. Sul palco si esibiranno i July Gospel Singer.<\/p>\n<p>Il concerto sar\u00e0 preceduto<strong><b> alle 16.15 dalla presentazione del libro &#8220;Il Rovo: una storia spinosa&#8221; del grafico Cristiano Spinelli. <\/b><\/strong>Un affascinante libro pop up pensato per i bambini ma dedicato agli adulti, un volume sofferto e meditato nato in seguito all&#8217;incontro di un padre con la disabilit\u00e0 del figlio. Una testimonianza capace di trasmettere un messaggio di speranza, positivit\u00e0 ed inclusione a chi, come lui, vive situazioni analoghe in famiglia, a scuola e nella societ\u00e0. Obiettivo dell&#8217;autore \u00e8 quello di invitare i lettori ad avvicinarsi senza timore alle diversit\u00e0 e alle fragilit\u00e0 umane, cos\u00ec da poter insegnare a tutti fin da piccoli a non avere preconcetti sull&#8217;aspetto esteriore e gli atteggiamenti altrui, ma anzi aiutarli a capire che rispettando il prossimo diventiamo tutti pi\u00f9 ricchi.<\/p>\n<p>Il secondo appuntamento con i \u201cConcerti delle feste\u201d \u00e8 <strong><b>per mercoled\u00ec 26 dicembre alle 21 nella pieve di San Michele Arcangelo <\/b><\/strong>(piazza SS. Michele e Francesco) con il <strong><b>Duo Flauto &amp; Arpa<\/b><\/strong>. A suonare Tatiana Fedi al flauto traverso e Elena Maria Gaia Castini all\u2019arpa che, nel giorno di Santo Stefano, allieteranno il pubblico nella splendida cornice della pieve con una serie di brani classici che vanno da Debussy a Schubert, passando per Bizet e Saint Saens e molto altro ancora.<\/p>\n<p>\u201cE\u2019 ormai tradizione che Carmignano festeggi le feste natalizie a suon di buona musica \u2013 spiega <strong><b>l\u2019assessore alla Cultura Stella Spinelli<\/b><\/strong> -. Anche quest\u2019anno, quindi, ci siamo mossi per donare ai cittadini due appuntamenti di qualit\u00e0, a cui abbiamo aggiunto per\u00f2 una chicca a cui teniamo particolarmente: la presentazione del Rovo, questo libro magico scritto da un nostro concittadino che riuscir\u00e0 a incantare e commuovere, facendo riflettere sul valore della vita. Un momento perfetto per un Natale consapevole\u201d.<\/p>\n<p><strong><b>I concerti sono a ingresso gratuito<\/b><\/strong>. Per informazioni \u00e8 possibile consultare il sito del Comune (<a href=\"http:\/\/www.comune.carmignano.po.it\/\">www.comune.carmignano.po.it<\/a>) oppure contattare l\u2019Ufficio Cultura (055 8750252 cultura@comune.carmignano.po.it)<\/p>\n","protected":false},"excerpt":{"rendered":"<p>Manca sempre meno al Natale e per cercare di vivere al meglio l\u2019atmosfera della festa pi\u00f9 magica dell\u2019anno l\u2019amministrazione comunale di Carmignano ha deciso di offrire ai cittadini un doppio concerto. Il primo appuntamento \u00e8 per sabato 22 dicembre alle 17.30 allo Spazio Giovani di Comeana, all\u2019interno della rassegna \u201cAspettando il Natale a Comeana\u201d, con &hellip; <a href=\"https:\/\/www.ilgiornaledicarmignano.it\/?p=352\" class=\"more-link\">Continua la lettura di <span class=\"screen-reader-text\">I Concerti delle Feste a Carmignano<\/span> <span class=\"meta-nav\">&rarr;<\/span><\/a><\/p>\n","protected":false},"author":8,"featured_media":353,"comment_status":"closed","ping_status":"open","sticky":false,"template":"","format":"standard","meta":{"ngg_post_thumbnail":0},"categories":[12,3],"tags":[2],"_links":{"self":[{"href":"https:\/\/www.ilgiornaledicarmignano.it\/index.php?rest_route=\/wp\/v2\/posts\/352"}],"collection":[{"href":"https:\/\/www.ilgiornaledicarmignano.it\/index.php?rest_route=\/wp\/v2\/posts"}],"about":[{"href":"https:\/\/www.ilgiornaledicarmignano.it\/index.php?rest_route=\/wp\/v2\/types\/post"}],"author":[{"embeddable":true,"href":"https:\/\/www.ilgiornaledicarmignano.it\/index.php?rest_route=\/wp\/v2\/users\/8"}],"replies":[{"embeddable":true,"href":"https:\/\/www.ilgiornaledicarmignano.it\/index.php?rest_route=%2Fwp%2Fv2%2Fcomments&post=352"}],"version-history":[{"count":1,"href":"https:\/\/www.ilgiornaledicarmignano.it\/index.php?rest_route=\/wp\/v2\/posts\/352\/revisions"}],"predecessor-version":[{"id":354,"href":"https:\/\/www.ilgiornaledicarmignano.it\/index.php?rest_route=\/wp\/v2\/posts\/352\/revisions\/354"}],"wp:featuredmedia":[{"embeddable":true,"href":"https:\/\/www.ilgiornaledicarmignano.it\/index.php?rest_route=\/wp\/v2\/media\/353"}],"wp:attachment":[{"href":"https:\/\/www.ilgiornaledicarmignano.it\/index.php?rest_route=%2Fwp%2Fv2%2Fmedia&parent=352"}],"wp:term":[{"taxonomy":"category","embeddable":true,"href":"https:\/\/www.ilgiornaledicarmignano.it\/index.php?rest_route=%2Fwp%2Fv2%2Fcategories&post=352"},{"taxonomy":"post_tag","embeddable":true,"href":"https:\/\/www.ilgiornaledicarmignano.it\/index.php?rest_route=%2Fwp%2Fv2%2Ftags&post=352"}],"curies":[{"name":"wp","href":"https:\/\/api.w.org\/{rel}","templated":true}]}}