{"id":347,"date":"2018-12-17T12:30:48","date_gmt":"2018-12-17T11:30:48","guid":{"rendered":"http:\/\/www.ilgiornaledicarmignano.it\/?p=347"},"modified":"2019-01-02T09:15:39","modified_gmt":"2019-01-02T08:15:39","slug":"allerta-meteo-per-neve-il-punto-della-situazione","status":"publish","type":"post","link":"https:\/\/www.ilgiornaledicarmignano.it\/?p=347","title":{"rendered":"Allerta meteo per neve, il punto della situazione"},"content":{"rendered":"<p>Prosegue fino alle 13 di oggi, luned\u00ec 17 dicembre, l\u2019allerta meteo gialla per vento e neve diramata dalla Regione Toscana. Ieri nel tardo pomeriggio il peggioramento della situazione nel Comune di Carmignano, con la neve che ha iniziato ad attaccarsi<strong><b>. Il sistema di protezione civile si \u00e8 immediatamente attivato e si \u00e8 riunito in palazzo Comunale<\/b><\/strong>, la situazione \u00e8 stata monitorata costantemente. Si sono subito attivate anche le associazioni di volontariato del territorio, la Vab Colline Medicee e l\u2019Associazione Nazionale Carabinieri, ma anche la Polizia Municipale di Carmignano, i Carabinieri e i Vigili del Fuoco del Comando Provinciale di Prato.<\/p>\n<p>Per precauzione ieri sera il sindaco Edoardo Prestanti ha firmato l\u2019ordinanza di chiusura per la giornata di oggi, luned\u00ec 17 dicembre, delle scuole pubbliche e private del territorio. <strong><b>Domani, marted\u00ec 18 dicembre, tutte le scuole saranno regolarmente aperte. <\/b><\/strong><\/p>\n<p>A causa di accumuli di neve la Polizia Municipale ieri ha chiuso via Madonna del Papa, tra Bacchereto e la Strada Provinciale 10, strada che questa mattina \u00e8 stata riaperta al transito. Per quanto riguarda la viabilit\u00e0, sempre ieri si sono registrate criticit\u00e0 a causa di auto che erano in difficolt\u00e0 lungo la strada provinciale che da Fornia porta al Pinone e lungo via Arrendevole (tra Artimino e La Serra), ma grazie all\u2019intervento dei Vigili del Fuoco e dei volontari della Vab Colline Medicee e dell\u2019Anc, i conducenti sono stati messi nelle condizioni di riprendere la marcia.<\/p>\n<p>Durante la serata sono stati fatti dei giri su tutto il territorio con cinque mezzi spalaneve (due del Comune, due della Provincia e uno di una ditta esterna sempre per conto del Comune), pronti ad intervenire anche i mezzi spargisale. La situazione \u00e8 poi tornata gradualmente alla normalit\u00e0 e <strong><b>questa mattina non si registrano criticit\u00e0.<\/b><\/strong><\/p>\n<p><strong><b>Tutti i cittadini sono stati avvisati della situazione di criticit\u00e0<\/b><\/strong> attraverso il sistema di messaggistica WhatsApp (con l\u2019occasione si invita a registrarsi con il proprio numero di cellulare compilando il form presente alla seguente pagina http:\/\/www.comune.carmignano.po.it\/info\/?act=i&amp;fid=3666&amp;id=20161102135443303, cos\u00ec da poter ricevere in tempo reale le comunicazioni sul proprio telefonino), tramite il sito istituzionale del Comune di Carmignano e la pagina Facebook del Comune.<\/p>\n","protected":false},"excerpt":{"rendered":"<p>Prosegue fino alle 13 di oggi, luned\u00ec 17 dicembre, l\u2019allerta meteo gialla per vento e neve diramata dalla Regione Toscana. Ieri nel tardo pomeriggio il peggioramento della situazione nel Comune di Carmignano, con la neve che ha iniziato ad attaccarsi. Il sistema di protezione civile si \u00e8 immediatamente attivato e si \u00e8 riunito in palazzo &hellip; <a href=\"https:\/\/www.ilgiornaledicarmignano.it\/?p=347\" class=\"more-link\">Continua la lettura di <span class=\"screen-reader-text\">Allerta meteo per neve, il punto della situazione<\/span> <span class=\"meta-nav\">&rarr;<\/span><\/a><\/p>\n","protected":false},"author":8,"featured_media":348,"comment_status":"closed","ping_status":"open","sticky":false,"template":"","format":"standard","meta":{"ngg_post_thumbnail":0},"categories":[7],"tags":[],"_links":{"self":[{"href":"https:\/\/www.ilgiornaledicarmignano.it\/index.php?rest_route=\/wp\/v2\/posts\/347"}],"collection":[{"href":"https:\/\/www.ilgiornaledicarmignano.it\/index.php?rest_route=\/wp\/v2\/posts"}],"about":[{"href":"https:\/\/www.ilgiornaledicarmignano.it\/index.php?rest_route=\/wp\/v2\/types\/post"}],"author":[{"embeddable":true,"href":"https:\/\/www.ilgiornaledicarmignano.it\/index.php?rest_route=\/wp\/v2\/users\/8"}],"replies":[{"embeddable":true,"href":"https:\/\/www.ilgiornaledicarmignano.it\/index.php?rest_route=%2Fwp%2Fv2%2Fcomments&post=347"}],"version-history":[{"count":1,"href":"https:\/\/www.ilgiornaledicarmignano.it\/index.php?rest_route=\/wp\/v2\/posts\/347\/revisions"}],"predecessor-version":[{"id":349,"href":"https:\/\/www.ilgiornaledicarmignano.it\/index.php?rest_route=\/wp\/v2\/posts\/347\/revisions\/349"}],"wp:featuredmedia":[{"embeddable":true,"href":"https:\/\/www.ilgiornaledicarmignano.it\/index.php?rest_route=\/wp\/v2\/media\/348"}],"wp:attachment":[{"href":"https:\/\/www.ilgiornaledicarmignano.it\/index.php?rest_route=%2Fwp%2Fv2%2Fmedia&parent=347"}],"wp:term":[{"taxonomy":"category","embeddable":true,"href":"https:\/\/www.ilgiornaledicarmignano.it\/index.php?rest_route=%2Fwp%2Fv2%2Fcategories&post=347"},{"taxonomy":"post_tag","embeddable":true,"href":"https:\/\/www.ilgiornaledicarmignano.it\/index.php?rest_route=%2Fwp%2Fv2%2Ftags&post=347"}],"curies":[{"name":"wp","href":"https:\/\/api.w.org\/{rel}","templated":true}]}}