{"id":332,"date":"2018-12-12T13:25:00","date_gmt":"2018-12-12T12:25:00","guid":{"rendered":"http:\/\/www.ilgiornaledicarmignano.it\/?p=332"},"modified":"2018-12-13T09:27:53","modified_gmt":"2018-12-13T08:27:53","slug":"secondo-trofeo-del-montalbano-venerdi-in-sala-consiliare-la-premiazione","status":"publish","type":"post","link":"https:\/\/www.ilgiornaledicarmignano.it\/?p=332","title":{"rendered":"Secondo Trofeo del Montalbano, venerd\u00ec in Sala consiliare la premiazione"},"content":{"rendered":"<p>Quattro consolidate corse podistiche promosse da altrettante storiche societ\u00e0 sportive, due Comuni e un&#8217;associazione coinvolti, il tutto con l&#8217;obiettivo di promuovere lo sport e far conoscere e valorizzare il Montalbano. Con questo spirito \u00e8 nato il <strong><b>Trofeo del Montalbano, giunto quest&#8217;anno alla sua seconda edizione. <\/b><\/strong>Ad organizzarlo Asd Jolly Motors Seano, Avis Colline Medicee, Podistica Quarrata e La Stanca Valenzatico, con il patrocinio dei Comuni di Carmignano e Quarrata e la collaborazione del BioDistretto del Montalbano.<\/p>\n<p><strong><b>Venerd\u00ec 14 dicembre alle 21.30 nella Sala consiliare del Comune di Carmignano si terr\u00e0 la premiazione del Trofeo Montalbano,<\/b><\/strong> che ha visto la partecipazione, nelle quattro manifestazioni inserite nel calendario, di oltre 4000 atleti.<\/p>\n<p>&#8220;Una bellissima manifestazione, giunta quest&#8217;anno alla seconda edizione \u2013 spiega <strong><b>l\u2019assessore allo Sport Stefano Ceccarelli<\/b><\/strong> &#8211; che ha unito due Comuni con l\u2019obiettivo di promuovere l\u2019importanza della pratica sportiva e di valorizzare un territorio ricco come il Montalbano. Grazie a questo trofeo, importante vetrina per l\u2019area del Montalbano, si crea inoltre un indotto che va a fortificare ulteriormente le quattro corse\u201d.<\/p>\n<p><strong><b>Le corse inserite nel secondo circuito del Montalbano erano<\/b><\/strong> la 5^ Corri Seano organizzata dalla Jolly Motors; l\u20198\u00b0 Trofeo Avis Colline Medicee memorial Alessandro Magni, promosso dall\u2019Avis; la 43^ Passeggiata panoramica della Podistica Quarrata e il 41\u00b0 Trofeo \u201c5 Frantoi\u201d 11\u00b0 memorial Risaliti Gianfranco della Podistica La Stanca Valenzatico.<\/p>\n<p><strong><b>A essere premiate venerd\u00ec saranno le cinque societ\u00e0 che hanno ottenuto il punteggio pi\u00f9 alto per partecipazione<\/b><\/strong>, alle quali verranno consegnati buoni acquisto da consumare in esercizi commerciali della zona. Riceveranno poi dei premi anche<strong><b> gli atleti, sia singoli sia tesserati, che hanno partecipato a tutte e quattro le manifestazioni <\/b><\/strong>podistiche del Montalbano, i cui cartellini sono stati estratti a sorte al termine di ogni gara.<\/p>\n<p>&nbsp;<\/p>\n","protected":false},"excerpt":{"rendered":"<p>Quattro consolidate corse podistiche promosse da altrettante storiche societ\u00e0 sportive, due Comuni e un&#8217;associazione coinvolti, il tutto con l&#8217;obiettivo di promuovere lo sport e far conoscere e valorizzare il Montalbano. Con questo spirito \u00e8 nato il Trofeo del Montalbano, giunto quest&#8217;anno alla sua seconda edizione. Ad organizzarlo Asd Jolly Motors Seano, Avis Colline Medicee, Podistica &hellip; <a href=\"https:\/\/www.ilgiornaledicarmignano.it\/?p=332\" class=\"more-link\">Continua la lettura di <span class=\"screen-reader-text\">Secondo Trofeo del Montalbano, venerd\u00ec in Sala consiliare la premiazione<\/span> <span class=\"meta-nav\">&rarr;<\/span><\/a><\/p>\n","protected":false},"author":8,"featured_media":335,"comment_status":"closed","ping_status":"open","sticky":false,"template":"","format":"standard","meta":{"ngg_post_thumbnail":0},"categories":[7,11],"tags":[],"_links":{"self":[{"href":"https:\/\/www.ilgiornaledicarmignano.it\/index.php?rest_route=\/wp\/v2\/posts\/332"}],"collection":[{"href":"https:\/\/www.ilgiornaledicarmignano.it\/index.php?rest_route=\/wp\/v2\/posts"}],"about":[{"href":"https:\/\/www.ilgiornaledicarmignano.it\/index.php?rest_route=\/wp\/v2\/types\/post"}],"author":[{"embeddable":true,"href":"https:\/\/www.ilgiornaledicarmignano.it\/index.php?rest_route=\/wp\/v2\/users\/8"}],"replies":[{"embeddable":true,"href":"https:\/\/www.ilgiornaledicarmignano.it\/index.php?rest_route=%2Fwp%2Fv2%2Fcomments&post=332"}],"version-history":[{"count":1,"href":"https:\/\/www.ilgiornaledicarmignano.it\/index.php?rest_route=\/wp\/v2\/posts\/332\/revisions"}],"predecessor-version":[{"id":334,"href":"https:\/\/www.ilgiornaledicarmignano.it\/index.php?rest_route=\/wp\/v2\/posts\/332\/revisions\/334"}],"wp:featuredmedia":[{"embeddable":true,"href":"https:\/\/www.ilgiornaledicarmignano.it\/index.php?rest_route=\/wp\/v2\/media\/335"}],"wp:attachment":[{"href":"https:\/\/www.ilgiornaledicarmignano.it\/index.php?rest_route=%2Fwp%2Fv2%2Fmedia&parent=332"}],"wp:term":[{"taxonomy":"category","embeddable":true,"href":"https:\/\/www.ilgiornaledicarmignano.it\/index.php?rest_route=%2Fwp%2Fv2%2Fcategories&post=332"},{"taxonomy":"post_tag","embeddable":true,"href":"https:\/\/www.ilgiornaledicarmignano.it\/index.php?rest_route=%2Fwp%2Fv2%2Ftags&post=332"}],"curies":[{"name":"wp","href":"https:\/\/api.w.org\/{rel}","templated":true}]}}