{"id":323,"date":"2018-12-10T10:41:21","date_gmt":"2018-12-10T09:41:21","guid":{"rendered":"http:\/\/www.ilgiornaledicarmignano.it\/?p=323"},"modified":"2018-12-10T11:04:08","modified_gmt":"2018-12-10T10:04:08","slug":"istruttore-amministrativo-geometra-e-istruttore-direttivo-di-vigilanza-il-comune-ha-pubblicato-tre-avvisi-per-mobilita-esterna","status":"publish","type":"post","link":"https:\/\/www.ilgiornaledicarmignano.it\/?p=323","title":{"rendered":"Istruttore amministrativo, geometra e istruttore direttivo di vigilanza: il Comune ha pubblicato tre avvisi per mobilit\u00e0 esterna"},"content":{"rendered":"<p>Il Comune di Carmignano ha pubblicato tre avvisi per verificare la possibilit\u00e0 di ricoprire, mediante la procedura di mobilit\u00e0 esterna, tre posti a tempo pieno e indeterminato: un <strong><b>geometra<\/b><\/strong> (istruttore tecnico) di categoria C; un istruttore <strong><b>amministrativo<\/b><\/strong> di categoria C e <strong><b>un istruttore direttivo di vigilanza<\/b><\/strong> categoria D.<\/p>\n<p><strong><b>Le domande<\/b><\/strong>, in tutti e tre i casi, <strong><b>dovranno pervenire entro e non oltre mercoled\u00ec 16 gennaio 2019.<\/b><\/strong><\/p>\n<p>I dipendenti con contratto a tempo pieno e indeterminato di pari categoria e\/o profilo professionale corrispondente a quello ricercato, che sono interessati al trasferimento, possono inoltrare la domanda di partecipazione, che dovr\u00e0 essere redatta su carta libera e debitamente sottoscritta, <strong><b>esclusivamente tramite posta elettronica certificata all\u2019indirizzo <a href=\"mailto:comune.carmignano@postacert.toscana.it\">comune.carmignano@postacert.toscana.it<\/a><\/b><\/strong>.<\/p>\n<p>Alla domanda di partecipazione dovr\u00e0 essere allegata una copia del documento d\u2019identit\u00e0 e il curriculum professionale e formativo del candidato, indicante i periodi di servizio prestati presso le pubbliche amministrazioni, le posizioni ricoperte e le mansioni svolte, oltre al percorso di studi del candidato e ogni ulteriore informazione che l\u2019interessato ritenga utile specificare.<\/p>\n<p><strong><b>La scelta del candidato da assumere sar\u00e0 fatta da un\u2019apposita commissione<\/b><\/strong> sulla base del curriculum presentato e di un colloquio. La data di svolgimento del colloquio sar\u00e0 comunicata sul sito del Comune nella sezione amministrazione trasparente.<\/p>\n<p>Il bando e il modulo di domanda sono disponibili sul sito del Comune di Carmignano www.comune.carmignano.po.it. Per chiarimenti e informazioni, i concorrenti possono rivolgersi all\u2019Ufficio Personale del Comune di Carmignano chiamando il numero 055 8750214.<\/p>\n","protected":false},"excerpt":{"rendered":"<p>Il Comune di Carmignano ha pubblicato tre avvisi per verificare la possibilit\u00e0 di ricoprire, mediante la procedura di mobilit\u00e0 esterna, tre posti a tempo pieno e indeterminato: un geometra (istruttore tecnico) di categoria C; un istruttore amministrativo di categoria C e un istruttore direttivo di vigilanza categoria D. Le domande, in tutti e tre i &hellip; <a href=\"https:\/\/www.ilgiornaledicarmignano.it\/?p=323\" class=\"more-link\">Continua la lettura di <span class=\"screen-reader-text\">Istruttore amministrativo, geometra e istruttore direttivo di vigilanza: il Comune ha pubblicato tre avvisi per mobilit\u00e0 esterna<\/span> <span class=\"meta-nav\">&rarr;<\/span><\/a><\/p>\n","protected":false},"author":8,"featured_media":326,"comment_status":"closed","ping_status":"open","sticky":false,"template":"","format":"standard","meta":{"ngg_post_thumbnail":0},"categories":[7],"tags":[],"_links":{"self":[{"href":"https:\/\/www.ilgiornaledicarmignano.it\/index.php?rest_route=\/wp\/v2\/posts\/323"}],"collection":[{"href":"https:\/\/www.ilgiornaledicarmignano.it\/index.php?rest_route=\/wp\/v2\/posts"}],"about":[{"href":"https:\/\/www.ilgiornaledicarmignano.it\/index.php?rest_route=\/wp\/v2\/types\/post"}],"author":[{"embeddable":true,"href":"https:\/\/www.ilgiornaledicarmignano.it\/index.php?rest_route=\/wp\/v2\/users\/8"}],"replies":[{"embeddable":true,"href":"https:\/\/www.ilgiornaledicarmignano.it\/index.php?rest_route=%2Fwp%2Fv2%2Fcomments&post=323"}],"version-history":[{"count":3,"href":"https:\/\/www.ilgiornaledicarmignano.it\/index.php?rest_route=\/wp\/v2\/posts\/323\/revisions"}],"predecessor-version":[{"id":328,"href":"https:\/\/www.ilgiornaledicarmignano.it\/index.php?rest_route=\/wp\/v2\/posts\/323\/revisions\/328"}],"wp:featuredmedia":[{"embeddable":true,"href":"https:\/\/www.ilgiornaledicarmignano.it\/index.php?rest_route=\/wp\/v2\/media\/326"}],"wp:attachment":[{"href":"https:\/\/www.ilgiornaledicarmignano.it\/index.php?rest_route=%2Fwp%2Fv2%2Fmedia&parent=323"}],"wp:term":[{"taxonomy":"category","embeddable":true,"href":"https:\/\/www.ilgiornaledicarmignano.it\/index.php?rest_route=%2Fwp%2Fv2%2Fcategories&post=323"},{"taxonomy":"post_tag","embeddable":true,"href":"https:\/\/www.ilgiornaledicarmignano.it\/index.php?rest_route=%2Fwp%2Fv2%2Ftags&post=323"}],"curies":[{"name":"wp","href":"https:\/\/api.w.org\/{rel}","templated":true}]}}