{"id":304,"date":"2018-12-05T13:00:34","date_gmt":"2018-12-05T12:00:34","guid":{"rendered":"http:\/\/www.ilgiornaledicarmignano.it\/?p=304"},"modified":"2018-12-06T09:39:08","modified_gmt":"2018-12-06T08:39:08","slug":"antica-fiera-di-carmignano-circa-2500-persone-hanno-riempito-le-strade-e-le-piazze-del-comune-mediceo-durante-i-tre-giorni-di-festa","status":"publish","type":"post","link":"https:\/\/www.ilgiornaledicarmignano.it\/?p=304","title":{"rendered":"Antica Fiera di Carmignano, circa 2500 persone hanno riempito le strade e le piazze del Comune mediceo durante i tre giorni di festa"},"content":{"rendered":"<p>Con i fuochi d&#8217;artificio sparati dall&#8217;Antica Rocca di Carmignano si \u00e8 conclusa ieri la tradizionale Fiera del primo marted\u00ec di dicembre, un appuntamento amato da tutti i carmignanesi e non, che quest&#8217;anno hanno letteralmente invaso le piazze e le strade del Comune mediceo.\u00a0Una fiera davvero dei record\u00a0che conferma la sua attrattiva non solo per i carmignanesi, ma anche per le tante persone giunte da fuori provincia. E anche i numeri parlano chiaro: <strong>sono state circa 2500 le persone che quest&#8217;anno hanno riempito il paese durante i tre giorni (1, 2 e 4 dicembre) di Antica Fiera<\/strong>\u00a0e hanno partecipato alle varie iniziative organizzate dall\u2019amministrazione comunale, in collaborazione con la Pro Loco. La giornata che ha segnato numeri record \u00e8 stata quella di domenica, con oltre 1000 visitatori che fin dalle prime ore del mattino hanno riempito Carmignano, ma \u00e8 andata benissimo anche sabato con pi\u00f9 di 500 visitatori e il gran finale di ieri ha visto la partecipazione di oltre 900 persone.<\/p>\n<p>\u201cAnche quest&#8217;anno la grande affluenza di pubblico alla nostra Festa ha messo in luce che la ricetta di questa Antica Fiera inaugurata lo scorso anno, che ha puntato su un ritorno alle origini mettendo in risalto l&#8217;anima agricola e artigianale del territorio, unita alle varie iniziative culturali dedicate a grandi e piccoli, piace e sta dando ottimi frutti &#8211; ha commentato\u00a0l<strong>&#8216;assessore alla Cultura Stella Spinelli\u00a0<\/strong>-. Questa \u00e8 la strada giusta per arrivare alla fiera che Carmignano si merita.\u00a0Grazie a tutti, operatori e visitatori, per la presenza, grazie all\u2019Ufficio Cultura per la dedizione e la professionalit\u00e0 e alla Pro Loco per la preziosa collaborazione, ma soprattutto il mio ringraziamento pi\u00f9 grande va a tutti i bambini che con il loro entusiasmo ripagano ogni sforzo. La Fiera \u00e8 dei piccoli e noi continueremo a pensarla per loro&#8221;.<\/p>\n<p>\u201c\u00c8 stata un\u2019edizione spettacolare, sono davvero contento e felice per come \u00e8 andata \u2013 ha aggiunto <strong>Carlo Attucci\u00a0, presidente della Pro Loco di Carmignano<\/strong> -. I fuochi d\u2019artificio hanno poi dato quel tocco in pi\u00f9 a una manifestazione che di anno in anno cresce e migliora, nella quantit\u00e0 d\u2019iniziative proposte, ma soprattutto nella qualit\u00e0. Vedere il Campano illuminato grazie ad un meraviglioso spettacolo pirotecnico \u00e8 stato bellissimo\u201d<\/p>\n<p><strong>Una manifestazione che lega insieme la tradizione e le eccellenze enogastronomiche del territorio, accompagnate da un ricco calendario di iniziative\u00a0per tutti i gusti e tutte le et\u00e0.<\/strong> E anche quest&#8217;anno non sono mancate le novit\u00e0, come gli show cooking in piazza e il gran finale con i fuochi d&#8217;artificio.\u00a0Sabato e domenica sono state due giornate ricche di appuntamenti tra il mercato dell&#8217;olio nuovo e dei prodotti di Carmignano, la mostra mercato dell\u2019arte e dell\u2019ingegno al femminile \u201cIo Creo! Natale\u201d; gli incontri di approfondimento a tema sull\u2019olio, le api, il vino e il cioccolato, gli spettacoli per adulti e bambini. E poi le esibizioni di falconeria, che hanno fatto stare col naso all\u2019ins\u00f9 i tanti bimbi che, con stupore e gioia, li hanno visti volare per la prima volta. Grande successo per l\u2019esposizione dei trattori e degli animali da stalla e da cortile in Santa Caterina, che hanno incantato grandi e piccini. In molti hanno anche visitato le mostre fotografiche e di scultura allestite in sala consiliare e nella sede della Sori; tante persone hanno fatto acquisti al mercatino della solidariet\u00e0 allestito nell\u2019atrio del Comune, dove sono ancora esposti i lavori realizzati dai ragazzi delle scuole di Carmignano, e a quello di biancheria antica della Mater Caritas. A farla da padrone per\u00f2 \u00e8 stata la vera e grande novit\u00e0 di quest\u2019anno: gli show cooking in piazza, tre appuntamenti durante i quali il pasticcere Giovanni Bellini , la food blogger Coralba Martini e l\u2019executive chef Claudio Vicenzo hanno preparato \u2013 e poi fatto assaggiare ai presenti \u2013 tre piatti dedicati alla cucina tradizionale, rivisitati in chiave moderna. Ieri, giornata vera e propria della fiera, non poteva mancare il tradizionale mercato della fiera tanto caro ai carmignanesi, oltre a quello dell&#8217;olio nuovo e dei prodotti tipici. Le iniziative clou dell\u2019ultima giornata di festa si sono svolte poi nel pomeriggio (anche se fin dalla mattina in tanti hanno visitato gli stand presenti in piazza), con uno spettacolo di burattini per bambini da tutto esaurito, lo show cooking di Claudio Vicenzo e, per finire, i fuochi d\u2019artificio sparati dall\u2019Antica Rocca che hanno davvero entusiasmato i presenti.<\/p>\n<p><strong>La fiera non \u00e8 finita, sono infatti in programma una serie di appuntamenti \u201cOltre la fiera\u201d:<\/strong> venerd\u00ec 7 dicembre alle 21 in Sala consiliare, in occasione della Festa della Toscana, spazio allo spettacolo teatrale \u201cSicure splendon le stelle. 31 ottobre 1723: la tragicomica notte di Cosimo III dei Medici, Granduca di Toscana\u201d, di Rosaria Bux. Sabato 8 e domenica 9 appuntamento con il terzo concorso dell\u2019olio popolare biologico: sabato dalle 15 alle 18 al Museo della Vite e del Vino assaggio di olio con votazione, domenica alle 11 in sala consiliare premiazione del miglior olio biologico. Gioved\u00ec 13 dicembre alle 21 in sala consiliare verr\u00e0 presentato \u201cRifiuti Zero\u201d, il libro di Rossano Ercolini, presidente di Zero Waste Europe e Premio Goldman Environmental Prize 2013; per l\u2019occasione Gas Millepiedi e Lorifonovo, in collaborazione con Centro rifiuti Zero e Zero Waste Italy allestiranno un banco espositivo con tante idee per regali autoprodotti, ecologici e contro lo spreco.<\/p>\n<div id='gallery-1' class='gallery galleryid-304 gallery-columns-3 gallery-size-thumbnail'><figure class='gallery-item'>\n\t\t\t<div class='gallery-icon landscape'>\n\t\t\t\t<a href='https:\/\/www.ilgiornaledicarmignano.it\/?attachment_id=306'><img width=\"150\" height=\"150\" src=\"https:\/\/www.ilgiornaledicarmignano.it\/wp-content\/uploads\/2018\/12\/antica-fiera-carmignano-2-150x150.jpg\" class=\"attachment-thumbnail size-thumbnail\" alt=\"\" loading=\"lazy\" \/><\/a>\n\t\t\t<\/div><\/figure><figure class='gallery-item'>\n\t\t\t<div class='gallery-icon landscape'>\n\t\t\t\t<a href='https:\/\/www.ilgiornaledicarmignano.it\/?attachment_id=307'><img width=\"150\" height=\"150\" src=\"https:\/\/www.ilgiornaledicarmignano.it\/wp-content\/uploads\/2018\/12\/antica-fiera-carmignano-150x150.jpg\" class=\"attachment-thumbnail size-thumbnail\" alt=\"\" loading=\"lazy\" \/><\/a>\n\t\t\t<\/div><\/figure><figure class='gallery-item'>\n\t\t\t<div class='gallery-icon landscape'>\n\t\t\t\t<a href='https:\/\/www.ilgiornaledicarmignano.it\/?attachment_id=308'><img width=\"150\" height=\"150\" src=\"https:\/\/www.ilgiornaledicarmignano.it\/wp-content\/uploads\/2018\/12\/fuochi-dartificio-150x150.jpg\" class=\"attachment-thumbnail size-thumbnail\" alt=\"\" loading=\"lazy\" \/><\/a>\n\t\t\t<\/div><\/figure><figure class='gallery-item'>\n\t\t\t<div class='gallery-icon landscape'>\n\t\t\t\t<a href='https:\/\/www.ilgiornaledicarmignano.it\/?attachment_id=309'><img width=\"150\" height=\"150\" src=\"https:\/\/www.ilgiornaledicarmignano.it\/wp-content\/uploads\/2018\/12\/fuochi-150x150.jpg\" class=\"attachment-thumbnail size-thumbnail\" alt=\"\" loading=\"lazy\" \/><\/a>\n\t\t\t<\/div><\/figure><figure class='gallery-item'>\n\t\t\t<div class='gallery-icon landscape'>\n\t\t\t\t<a href='https:\/\/www.ilgiornaledicarmignano.it\/?attachment_id=310'><img width=\"150\" height=\"150\" src=\"https:\/\/www.ilgiornaledicarmignano.it\/wp-content\/uploads\/2018\/12\/mostra-sori-150x150.jpg\" class=\"attachment-thumbnail size-thumbnail\" alt=\"\" loading=\"lazy\" \/><\/a>\n\t\t\t<\/div><\/figure><figure class='gallery-item'>\n\t\t\t<div class='gallery-icon landscape'>\n\t\t\t\t<a href='https:\/\/www.ilgiornaledicarmignano.it\/?attachment_id=311'><img width=\"150\" height=\"150\" src=\"https:\/\/www.ilgiornaledicarmignano.it\/wp-content\/uploads\/2018\/12\/show-cooking-claudio-vicenzo-150x150.jpg\" class=\"attachment-thumbnail size-thumbnail\" alt=\"\" loading=\"lazy\" \/><\/a>\n\t\t\t<\/div><\/figure><figure class='gallery-item'>\n\t\t\t<div class='gallery-icon landscape'>\n\t\t\t\t<a href='https:\/\/www.ilgiornaledicarmignano.it\/?attachment_id=312'><img width=\"150\" height=\"150\" src=\"https:\/\/www.ilgiornaledicarmignano.it\/wp-content\/uploads\/2018\/12\/show-cooking-vicenzo-150x150.jpg\" class=\"attachment-thumbnail size-thumbnail\" alt=\"\" loading=\"lazy\" \/><\/a>\n\t\t\t<\/div><\/figure>\n\t\t<\/div>\n\n<p>&nbsp;<\/p>\n","protected":false},"excerpt":{"rendered":"<p>Con i fuochi d&#8217;artificio sparati dall&#8217;Antica Rocca di Carmignano si \u00e8 conclusa ieri la tradizionale Fiera del primo marted\u00ec di dicembre, un appuntamento amato da tutti i carmignanesi e non, che quest&#8217;anno hanno letteralmente invaso le piazze e le strade del Comune mediceo.\u00a0Una fiera davvero dei record\u00a0che conferma la sua attrattiva non solo per i &hellip; <a href=\"https:\/\/www.ilgiornaledicarmignano.it\/?p=304\" class=\"more-link\">Continua la lettura di <span class=\"screen-reader-text\">Antica Fiera di Carmignano, circa 2500 persone hanno riempito le strade e le piazze del Comune mediceo durante i tre giorni di festa<\/span> <span class=\"meta-nav\">&rarr;<\/span><\/a><\/p>\n","protected":false},"author":8,"featured_media":305,"comment_status":"closed","ping_status":"open","sticky":false,"template":"","format":"standard","meta":{"ngg_post_thumbnail":0},"categories":[12,3,7],"tags":[2],"_links":{"self":[{"href":"https:\/\/www.ilgiornaledicarmignano.it\/index.php?rest_route=\/wp\/v2\/posts\/304"}],"collection":[{"href":"https:\/\/www.ilgiornaledicarmignano.it\/index.php?rest_route=\/wp\/v2\/posts"}],"about":[{"href":"https:\/\/www.ilgiornaledicarmignano.it\/index.php?rest_route=\/wp\/v2\/types\/post"}],"author":[{"embeddable":true,"href":"https:\/\/www.ilgiornaledicarmignano.it\/index.php?rest_route=\/wp\/v2\/users\/8"}],"replies":[{"embeddable":true,"href":"https:\/\/www.ilgiornaledicarmignano.it\/index.php?rest_route=%2Fwp%2Fv2%2Fcomments&post=304"}],"version-history":[{"count":1,"href":"https:\/\/www.ilgiornaledicarmignano.it\/index.php?rest_route=\/wp\/v2\/posts\/304\/revisions"}],"predecessor-version":[{"id":314,"href":"https:\/\/www.ilgiornaledicarmignano.it\/index.php?rest_route=\/wp\/v2\/posts\/304\/revisions\/314"}],"wp:featuredmedia":[{"embeddable":true,"href":"https:\/\/www.ilgiornaledicarmignano.it\/index.php?rest_route=\/wp\/v2\/media\/305"}],"wp:attachment":[{"href":"https:\/\/www.ilgiornaledicarmignano.it\/index.php?rest_route=%2Fwp%2Fv2%2Fmedia&parent=304"}],"wp:term":[{"taxonomy":"category","embeddable":true,"href":"https:\/\/www.ilgiornaledicarmignano.it\/index.php?rest_route=%2Fwp%2Fv2%2Fcategories&post=304"},{"taxonomy":"post_tag","embeddable":true,"href":"https:\/\/www.ilgiornaledicarmignano.it\/index.php?rest_route=%2Fwp%2Fv2%2Ftags&post=304"}],"curies":[{"name":"wp","href":"https:\/\/api.w.org\/{rel}","templated":true}]}}