{"id":299,"date":"2018-11-30T12:28:09","date_gmt":"2018-11-30T11:28:09","guid":{"rendered":"http:\/\/www.ilgiornaledicarmignano.it\/?p=299"},"modified":"2018-12-03T12:35:06","modified_gmt":"2018-12-03T11:35:06","slug":"fossi-e-corsi-dacqua-minori-scatta-lordinanza-per-i-privati","status":"publish","type":"post","link":"https:\/\/www.ilgiornaledicarmignano.it\/?p=299","title":{"rendered":"Fossi e corsi d\u2019acqua minori, scatta l\u2019ordinanza per i privati"},"content":{"rendered":"<p>Continua l\u2019impegno del Comune di Carmignano sul fronte del decoro e della sicurezza delle aree pubbliche e private. Siamo, infatti, in piena stagione autunnale e la possibilit\u00e0 del verificarsi di precipitazioni atmosferiche di forte intensit\u00e0 pu\u00f2 aggravare il rischio idrogeologico del territorio, con i conseguenti possibili danni e pericoli per cose e persone.<\/p>\n<p>Per prevenire ci\u00f2 <strong>l\u2019amministrazione comunale ha predisposto una serie di interventi di manutenzione e di pulizie di caditoie e fossette<\/strong>. E\u2019 stata inoltre <strong>firmata un\u2019ordinanza che intima i privati, entro il 17 dicembre, a eseguire alcuni interventi per mantenere costantemente puliti corsi d\u2019acqua, fossi e canali di scolo privati<\/strong>, cos\u00ec da garantire una perfetta funzionalit\u00e0 ed efficienza idraulica,\u00a0 in grado di consentire il regolare scorrimento delle acque.<\/p>\n<p>\u201cNegli scorsi anni si sono verificati vari episodi di intasamento di fossi in terreni privati, cosa che ha causato problemi \u2013 spiega <strong>l\u2019assessore all\u2019Ambiente Federico Migaldi<\/strong> -. Per questo motivo raccomandiamo ad ogni proprietario un comportamento responsabile\u201d.<\/p>\n<p>Nello specifico <strong>tutti i proprietari o possessori di fondi di fronte a corsi d\u2019acqua e fossi<\/strong> <strong>sono chiamati a<\/strong> rimuovere tutto quanto non conforme nella fascia di rispetto dei quattro metri; devono <strong>smaltire<\/strong>, seguendo le normative vigenti, eventuali <strong>materiali abbandonati e ripristinare lo stato dei luoghi<\/strong>. Spetta poi ai proprietari provvedere alla <strong>manutenzione ordinaria e straordinaria delle sponde e degli alvei<\/strong> mediante lo sfalcio della vegetazione spontanea, degli arbusti e delle piante che impediscono il libero deflusso delle acque.<\/p>\n<p>E\u2019 <strong>vietato, infine, abbandonare<\/strong> negli alvei e lungo le sponde dei corsi d\u2019acqua <strong>materiali<\/strong> di qualunque genere, anche se di origine vegetale.<\/p>\n","protected":false},"excerpt":{"rendered":"<p>Continua l\u2019impegno del Comune di Carmignano sul fronte del decoro e della sicurezza delle aree pubbliche e private. Siamo, infatti, in piena stagione autunnale e la possibilit\u00e0 del verificarsi di precipitazioni atmosferiche di forte intensit\u00e0 pu\u00f2 aggravare il rischio idrogeologico del territorio, con i conseguenti possibili danni e pericoli per cose e persone. Per prevenire &hellip; <a href=\"https:\/\/www.ilgiornaledicarmignano.it\/?p=299\" class=\"more-link\">Continua la lettura di <span class=\"screen-reader-text\">Fossi e corsi d\u2019acqua minori, scatta l\u2019ordinanza per i privati<\/span> <span class=\"meta-nav\">&rarr;<\/span><\/a><\/p>\n","protected":false},"author":8,"featured_media":302,"comment_status":"closed","ping_status":"open","sticky":false,"template":"","format":"standard","meta":{"ngg_post_thumbnail":0},"categories":[8,7],"tags":[2],"_links":{"self":[{"href":"https:\/\/www.ilgiornaledicarmignano.it\/index.php?rest_route=\/wp\/v2\/posts\/299"}],"collection":[{"href":"https:\/\/www.ilgiornaledicarmignano.it\/index.php?rest_route=\/wp\/v2\/posts"}],"about":[{"href":"https:\/\/www.ilgiornaledicarmignano.it\/index.php?rest_route=\/wp\/v2\/types\/post"}],"author":[{"embeddable":true,"href":"https:\/\/www.ilgiornaledicarmignano.it\/index.php?rest_route=\/wp\/v2\/users\/8"}],"replies":[{"embeddable":true,"href":"https:\/\/www.ilgiornaledicarmignano.it\/index.php?rest_route=%2Fwp%2Fv2%2Fcomments&post=299"}],"version-history":[{"count":1,"href":"https:\/\/www.ilgiornaledicarmignano.it\/index.php?rest_route=\/wp\/v2\/posts\/299\/revisions"}],"predecessor-version":[{"id":301,"href":"https:\/\/www.ilgiornaledicarmignano.it\/index.php?rest_route=\/wp\/v2\/posts\/299\/revisions\/301"}],"wp:featuredmedia":[{"embeddable":true,"href":"https:\/\/www.ilgiornaledicarmignano.it\/index.php?rest_route=\/wp\/v2\/media\/302"}],"wp:attachment":[{"href":"https:\/\/www.ilgiornaledicarmignano.it\/index.php?rest_route=%2Fwp%2Fv2%2Fmedia&parent=299"}],"wp:term":[{"taxonomy":"category","embeddable":true,"href":"https:\/\/www.ilgiornaledicarmignano.it\/index.php?rest_route=%2Fwp%2Fv2%2Fcategories&post=299"},{"taxonomy":"post_tag","embeddable":true,"href":"https:\/\/www.ilgiornaledicarmignano.it\/index.php?rest_route=%2Fwp%2Fv2%2Ftags&post=299"}],"curies":[{"name":"wp","href":"https:\/\/api.w.org\/{rel}","templated":true}]}}