{"id":296,"date":"2018-12-02T12:26:05","date_gmt":"2018-12-02T11:26:05","guid":{"rendered":"http:\/\/www.ilgiornaledicarmignano.it\/?p=296"},"modified":"2018-12-03T12:27:50","modified_gmt":"2018-12-03T11:27:50","slug":"antica-fiera-di-carmignano-le-iniziative-di-domani-domenica-2-dicembre","status":"publish","type":"post","link":"https:\/\/www.ilgiornaledicarmignano.it\/?p=296","title":{"rendered":"Antica Fiera di Carmignano: le iniziative di domani, domenica 2 dicembre"},"content":{"rendered":"<p>Seconda giornata di festa domani, domenica 2 dicembre, a Carmignano. L\u2019Antica Fiera di Carmignano, che ha preso il via oggi e andr\u00e0 avanti fino a marted\u00ec 4 dicembre, proseguir\u00e0 domani con tante iniziative tra escursioni di trekking, mercatini, esposizioni, stand gastronomici, incontri tematici di approfondimento, conferenze, spettacoli per adulti e bambini e show cooking.<\/p>\n<p>Il primo appuntamento \u00e8 <strong>alle 8.30:<\/strong> per gli amanti del trekking e non solo \u00e8 in programma <strong>un\u2019escursione da Carmignano alla Torre di S. Alluccio e ritorno<\/strong>. Una camminata con il Cai alla scoperta del Montalbano (ritrovo in piazza della Chiesa, durata circa 6 ore con ristoro). Dalle 9.30 alle 12 in sala consiliare appuntamento con la <strong>conferenza \u201cIl mondo gira alle api\u201d<\/strong> promossa dal BioDistretto del Montalbano nell\u2019ambito del progetto Carmignano 2020. Un\u2019occasione per esplorare il ruolo fondamentale delle api all&#8217;interno degli ecosistemi naturali sia come indicatrici di salubrit\u00e0 che come nuova risorsa per le economie agricole locali. L\u2019incontro si aprir\u00e0 con i saluti dell\u2019Associazione Biodistretto del Montalbano e del Sindaco Edoardo Prestanti. Tra i relatori Daniela Daniele dell\u2019azienda agricola Puro Carmignano e le autrici Monica Pelliccia e Adelina Zarlenga, che presenteranno \u201cLa Rivoluzione delle Api. Come salvare l&#8217;alimentazione e l&#8217;agricoltura nel mondo\u201d: un libro inchiesta che raccoglie storie avvincenti dei paladini delle api che sono gli apicoltori, i contadini e tutti coloro che lottano per salvare gli impollinatori e dare nuove speranze al futuro della Terra.\u00a0Simone Tosi, ricercatore dell\u2019Universit\u00e0 della California San Diego, parler\u00e0 delle api nel mondo moderno e della convivenza con i pesticidi e i suoi effetti. Matteo Cerboneschi della Next Genomics presenter\u00e0 i risultati del progetto \u201cGlifobee\u201d: un monitoraggio ambientale sulle api solitarie e sulle acque di superficie svolto a Carmignano nella primavera\/estate 2018 per studiare la presenza di glifosato sul territorio. La nutrizionista Stefania Capecchi terr\u00e0 un intervento su \u201cDall\u2019Alveare al Microbiota. Due mondi in fermento per la nostra salute\u201d. A met\u00e0 mattinata coffee break offerto dall\u2019associazione Other Wise Diversamente Caff\u00e8, mentre il BioDistretto proporr\u00e0 assaggi di miele, pane e olio biologico.<\/p>\n<p>Alle 12.30 e alle 15.45 in piazza tornano <strong>le esibizioni di falconeria<\/strong> mentre alle 15.30 al Museo della Vite e del Vino sar\u00e0 presentato il volume di Paolo Gennai sui 300 anni del vino di Carmignano dal titolo \u201c<strong>Carmignano. Il vino dei Medici e dei Lorena\u201d<\/strong>. A seguire assaggi di vini. Non mancher\u00e0 poi l\u2019appuntamento con il teatro per bambini: alle 17 in sala consiliare arriva \u201c<strong>La signora rubafeste\u201d<\/strong> della Compagnia Ziba: una fiaba interattiva per far partecipare attivamente i bambini alla magia del teatro e delle feste natalizie.<\/p>\n<p>Secondo appuntamento poi alle 17.45 con lo <strong>show cooking in piazza<\/strong>: domani sar\u00e0 la volta della food blogger \u201cDue cuori e una capanna\u201d Coralba Martini, che presenter\u00e0 un primo piatto della tradizione rivisitato in chiave moderna, ossia le tagliatelle di grano saraceno e farina di castagne con rag\u00f9 di cinghiale e fichi secchi di Carmignano. Alle 21, infine, in sala consiliare <strong>\u201cRibollita di racconti\u201d:<\/strong> una rappresentazione che costituisce un omaggio alla tradizione enogastronomica toscana e che propone una serie di curiosit\u00e0, racconti, aneddoti e storie riguardanti i piatti tipici e le specialit\u00e0 della cucina toscana, intervallati da brani musicali a\u00a0<span style=\"font-size: 12pt;\">tema. Lo spettacolo, di e con la cantante e artista di strada Luana Primavera, \u00e8 prodotto e promosso dall\u2019associazione culturale e teatrale Il Chiodo Fisso.<\/span><\/p>\n<p>Si ricorda poi che dalle 9 alle 19 nel <strong>parcheggio di Santa Caterina, in Largo Repubblica e via del Ceppo<\/strong> saranno esposti <strong>trattori vecchi e nuovi, animali da stalla e da cortile, <\/strong>e per l\u2019occasione si potr\u00e0 assistere a dimostrazioni di mungitura. In <strong>piazza Vittorio Emanuele II<\/strong> (ore 9-19) <strong>mercato dell\u2019olio nuovo<\/strong> e dei prodotti di Carmignano e mercatino dell\u2019antiquariato. Nelle <strong>ex Cantine Niccolini<\/strong> (ore 9.30 \u2013 19) quest\u2019anno troviamo \u201c<strong>Io Creo Natale<\/strong>\u201d, la mostra mercato dell\u2019arte e dell\u2019ingegno al femminile. Nell\u2019atrio del palazzo comunale \u201cMercatino della solidariet\u00e0\u201d, esposizione e vendita dei lavori realizzati dai ragazzi delle scuole materne, elementari e medie del Comune di Carmignano; il ricavato delle offerte sar\u00e0 devoluto alla Dynamo Camp. In piazza ci saranno <strong>stand gastronomici<\/strong>. Nella saletta della Sori di piazza Matteotti sar\u00e0 possibile visitare la mostra fotografica di Sabrina Madiai e quella di sculture di Antonella Nannicini mentre in sala consiliare \u00e8 stata allestita la mostra fotografica di Aldiviero Capuccini \u201cIn giro per la Toscana\u201d.<\/p>\n","protected":false},"excerpt":{"rendered":"<p>Seconda giornata di festa domani, domenica 2 dicembre, a Carmignano. L\u2019Antica Fiera di Carmignano, che ha preso il via oggi e andr\u00e0 avanti fino a marted\u00ec 4 dicembre, proseguir\u00e0 domani con tante iniziative tra escursioni di trekking, mercatini, esposizioni, stand gastronomici, incontri tematici di approfondimento, conferenze, spettacoli per adulti e bambini e show cooking. Il &hellip; <a href=\"https:\/\/www.ilgiornaledicarmignano.it\/?p=296\" class=\"more-link\">Continua la lettura di <span class=\"screen-reader-text\">Antica Fiera di Carmignano: le iniziative di domani, domenica 2 dicembre<\/span> <span class=\"meta-nav\">&rarr;<\/span><\/a><\/p>\n","protected":false},"author":8,"featured_media":297,"comment_status":"closed","ping_status":"open","sticky":false,"template":"","format":"standard","meta":{"ngg_post_thumbnail":0},"categories":[12,3,7],"tags":[],"_links":{"self":[{"href":"https:\/\/www.ilgiornaledicarmignano.it\/index.php?rest_route=\/wp\/v2\/posts\/296"}],"collection":[{"href":"https:\/\/www.ilgiornaledicarmignano.it\/index.php?rest_route=\/wp\/v2\/posts"}],"about":[{"href":"https:\/\/www.ilgiornaledicarmignano.it\/index.php?rest_route=\/wp\/v2\/types\/post"}],"author":[{"embeddable":true,"href":"https:\/\/www.ilgiornaledicarmignano.it\/index.php?rest_route=\/wp\/v2\/users\/8"}],"replies":[{"embeddable":true,"href":"https:\/\/www.ilgiornaledicarmignano.it\/index.php?rest_route=%2Fwp%2Fv2%2Fcomments&post=296"}],"version-history":[{"count":1,"href":"https:\/\/www.ilgiornaledicarmignano.it\/index.php?rest_route=\/wp\/v2\/posts\/296\/revisions"}],"predecessor-version":[{"id":298,"href":"https:\/\/www.ilgiornaledicarmignano.it\/index.php?rest_route=\/wp\/v2\/posts\/296\/revisions\/298"}],"wp:featuredmedia":[{"embeddable":true,"href":"https:\/\/www.ilgiornaledicarmignano.it\/index.php?rest_route=\/wp\/v2\/media\/297"}],"wp:attachment":[{"href":"https:\/\/www.ilgiornaledicarmignano.it\/index.php?rest_route=%2Fwp%2Fv2%2Fmedia&parent=296"}],"wp:term":[{"taxonomy":"category","embeddable":true,"href":"https:\/\/www.ilgiornaledicarmignano.it\/index.php?rest_route=%2Fwp%2Fv2%2Fcategories&post=296"},{"taxonomy":"post_tag","embeddable":true,"href":"https:\/\/www.ilgiornaledicarmignano.it\/index.php?rest_route=%2Fwp%2Fv2%2Ftags&post=296"}],"curies":[{"name":"wp","href":"https:\/\/api.w.org\/{rel}","templated":true}]}}