{"id":283,"date":"2018-12-03T12:25:03","date_gmt":"2018-12-03T11:25:03","guid":{"rendered":"http:\/\/www.ilgiornaledicarmignano.it\/?p=283"},"modified":"2018-12-03T12:25:03","modified_gmt":"2018-12-03T11:25:03","slug":"antica-fiera-di-carmignano-in-due-giorni-piu-di-1500-visitatori-domani-gran-finale-con-i-fuochi-dartificio-dalla-rocca","status":"publish","type":"post","link":"https:\/\/www.ilgiornaledicarmignano.it\/?p=283","title":{"rendered":"Antica Fiera di Carmignano: in due giorni pi\u00f9 di 1500 visitatori. Domani gran finale con i fuochi d\u2019artificio dalla Rocca"},"content":{"rendered":"<p><strong><b>Pi\u00f9 di 1500 persone nel fine settimana<\/b><\/strong> hanno riempito le piazze e le strade di Carmignano in occasione di una delle feste pi\u00f9 attese e sentite del territorio, <strong><b>l&#8217;Antica Fiera<\/b><\/strong>. Cos\u00ec come vuole la tradizione, nella settimana che comprende il primo marted\u00ec di dicembre nel comune mediceo si fa festa a suon di eccellenze enogastronomiche, accompagnate da un ricco programma di animazioni ed eventi culturali per tutti i gusti e tutte le et\u00e0.<\/p>\n<p>E cos\u00ec sabato e domenica in tanti non sono voluti mancare all&#8217;appuntamento e hanno partecipato alle varie iniziative organizzate dall\u2019amministrazione comunale in collaborazione con la Pro Loco di Carmignano: dagli spettacoli teatrali per adulti e bambini alle esibizioni di falconeria, dai mercatini dei prodotti tipici locali a quelli di Io Creo Natale, dagli incontri tematici di approfondimento alle mostre d&#8217;arte. E poi grande successo per l&#8217;esposizione di trattori e animali e per gli show cooking, che hanno incuriosito tantissime persone.<\/p>\n<p><strong><b>Domani, primo marted\u00ec del mese di dicembre, gran finale dell&#8217;Antica Fiera di Carmignano.<\/b><\/strong> Dalle 9 alle 19 in piazza Vittorio Emanuele II e in piazza Giacomo Matteotti torna il <strong><b>mercato della fiera<\/b><\/strong>; alle 17 in Sala Consiliare teatrino di burattini <strong><b>&#8220;Babbo Natale contro la Befana<\/b><\/strong>&#8220;, uno spettacolo dedicato alla magia del Natale in chiave ironica.<\/p>\n<p>Alle 17:30 ultimo appuntamento con <strong><b>&#8220;Allacciate i grembiuli, oggi cucino io!&#8221;,<\/b><\/strong> gli show cooking in piazza: ai fornelli l\u2019executive chef Claudio Vicenzo che preparer\u00e0 &#8220;Il maialino ai sapori autunnali del Barco&#8221;, ossia maialino con patate, castagne e fichi secchi di Carmignano.<\/p>\n<p>Per finire in bellezza, novit\u00e0 di quest&#8217;anno, alle 18.30 da non perdere i <strong><b>fuochi d&#8217;artificio dall&#8217;Antica Rocca di Carmignano<\/b><\/strong> (visibili dalla piazza e dalla chiesa).<\/p>\n<p>Nel parcheggio del Santa Caterina dalle 9 alle 19 saranno ancora <strong><b>esposti i trattori e gli animali da stalla e da cortile <\/b><\/strong>mentre in piazza V. Emanuele II (ore 9-19) appuntamento con il <strong><b>mercato dell&#8217;olio nuovo e dei prodotti di Carmignano<\/b><\/strong>. Non mancheranno poi gli <strong><b>stand gastronomici<\/b><\/strong> in piazza. Dalle 9.30 alle 19 alle ex Cantine Niccolini &#8220;<strong><b>Io Creo Natale<\/b><\/strong>&#8220;, mostra mercato dell&#8217;arte e dell&#8217;ingegno al femminile mentre nell&#8217;atrio del Comune dalle 9 alle 13 e dalle 15 alle 18 da non perdere il <strong><b>Mercatino della solidariet\u00e0<\/b><\/strong> con i lavori realizzati dagli alunni delle scuole, in collaborazione con i genitori (il ricavato delle offerte sar\u00e0 devoluto alla Dynamo Camp). Sar\u00e0 poi possibile visitare, in sala consiliare, la mostra fotografica di Aldiviero Cappuccini <strong><b>&#8220;In giro per la Toscana<\/b><\/strong>&#8221; e, sempre in sala, &#8220;<strong><b>Il corredo di una volta<\/b><\/strong>&#8220;, l&#8217;esposizione di biancheria antica a cura di Mater Caritas. Nella saletta Sori (piazza G. Matteotti) \u00e8 stata invece allestita <strong><b>&#8220;Le forme dell&#8217;acqua<\/b><\/strong>&#8220;, mostra di sculture di Antonella Nannicini e di fotografie di Sabrina Madiai, vincitrici del concorso &#8220;Acqua oro blu&#8221; (allestimento a cura del maestro Mario Maras\u00e0).<\/p>\n<div id='gallery-1' class='gallery galleryid-283 gallery-columns-3 gallery-size-thumbnail'><figure class='gallery-item'>\n\t\t\t<div class='gallery-icon landscape'>\n\t\t\t\t<a href='https:\/\/www.ilgiornaledicarmignano.it\/?attachment_id=285'><img width=\"150\" height=\"150\" src=\"https:\/\/www.ilgiornaledicarmignano.it\/wp-content\/uploads\/2018\/12\/animali-fiera-2-150x150.jpg\" class=\"attachment-thumbnail size-thumbnail\" alt=\"\" loading=\"lazy\" \/><\/a>\n\t\t\t<\/div><\/figure><figure class='gallery-item'>\n\t\t\t<div class='gallery-icon landscape'>\n\t\t\t\t<a href='https:\/\/www.ilgiornaledicarmignano.it\/?attachment_id=286'><img width=\"150\" height=\"150\" src=\"https:\/\/www.ilgiornaledicarmignano.it\/wp-content\/uploads\/2018\/12\/animali-fiera-150x150.jpg\" class=\"attachment-thumbnail size-thumbnail\" alt=\"\" loading=\"lazy\" \/><\/a>\n\t\t\t<\/div><\/figure><figure class='gallery-item'>\n\t\t\t<div class='gallery-icon portrait'>\n\t\t\t\t<a href='https:\/\/www.ilgiornaledicarmignano.it\/?attachment_id=287'><img width=\"150\" height=\"150\" src=\"https:\/\/www.ilgiornaledicarmignano.it\/wp-content\/uploads\/2018\/12\/antica-fiera-2-150x150.jpg\" class=\"attachment-thumbnail size-thumbnail\" alt=\"\" loading=\"lazy\" \/><\/a>\n\t\t\t<\/div><\/figure><figure class='gallery-item'>\n\t\t\t<div class='gallery-icon landscape'>\n\t\t\t\t<a href='https:\/\/www.ilgiornaledicarmignano.it\/?attachment_id=288'><img width=\"150\" height=\"150\" src=\"https:\/\/www.ilgiornaledicarmignano.it\/wp-content\/uploads\/2018\/12\/antica-fiera-150x150.jpg\" class=\"attachment-thumbnail size-thumbnail\" alt=\"\" loading=\"lazy\" \/><\/a>\n\t\t\t<\/div><\/figure><figure class='gallery-item'>\n\t\t\t<div class='gallery-icon landscape'>\n\t\t\t\t<a href='https:\/\/www.ilgiornaledicarmignano.it\/?attachment_id=289'><img width=\"150\" height=\"150\" src=\"https:\/\/www.ilgiornaledicarmignano.it\/wp-content\/uploads\/2018\/12\/esposizione-trattori-150x150.jpg\" class=\"attachment-thumbnail size-thumbnail\" alt=\"\" loading=\"lazy\" \/><\/a>\n\t\t\t<\/div><\/figure><figure class='gallery-item'>\n\t\t\t<div class='gallery-icon landscape'>\n\t\t\t\t<a href='https:\/\/www.ilgiornaledicarmignano.it\/?attachment_id=290'><img width=\"150\" height=\"150\" src=\"https:\/\/www.ilgiornaledicarmignano.it\/wp-content\/uploads\/2018\/12\/falconieri-150x150.jpg\" class=\"attachment-thumbnail size-thumbnail\" alt=\"\" loading=\"lazy\" \/><\/a>\n\t\t\t<\/div><\/figure><figure class='gallery-item'>\n\t\t\t<div class='gallery-icon landscape'>\n\t\t\t\t<a href='https:\/\/www.ilgiornaledicarmignano.it\/?attachment_id=291'><img width=\"150\" height=\"150\" src=\"https:\/\/www.ilgiornaledicarmignano.it\/wp-content\/uploads\/2018\/12\/inaugurazione-io-creo-natale-150x150.jpg\" class=\"attachment-thumbnail size-thumbnail\" alt=\"\" loading=\"lazy\" \/><\/a>\n\t\t\t<\/div><\/figure><figure class='gallery-item'>\n\t\t\t<div class='gallery-icon portrait'>\n\t\t\t\t<a href='https:\/\/www.ilgiornaledicarmignano.it\/?attachment_id=292'><img width=\"150\" height=\"150\" src=\"https:\/\/www.ilgiornaledicarmignano.it\/wp-content\/uploads\/2018\/12\/show-cooking-coralba-martini-150x150.jpg\" class=\"attachment-thumbnail size-thumbnail\" alt=\"\" loading=\"lazy\" \/><\/a>\n\t\t\t<\/div><\/figure><figure class='gallery-item'>\n\t\t\t<div class='gallery-icon landscape'>\n\t\t\t\t<a href='https:\/\/www.ilgiornaledicarmignano.it\/?attachment_id=293'><img width=\"150\" height=\"150\" src=\"https:\/\/www.ilgiornaledicarmignano.it\/wp-content\/uploads\/2018\/12\/show-cooking-giovanni-bellini-150x150.jpg\" class=\"attachment-thumbnail size-thumbnail\" alt=\"\" loading=\"lazy\" \/><\/a>\n\t\t\t<\/div><\/figure><figure class='gallery-item'>\n\t\t\t<div class='gallery-icon landscape'>\n\t\t\t\t<a href='https:\/\/www.ilgiornaledicarmignano.it\/?attachment_id=294'><img width=\"150\" height=\"150\" src=\"https:\/\/www.ilgiornaledicarmignano.it\/wp-content\/uploads\/2018\/12\/spettacolo-la-signora-rubafeste-150x150.jpg\" class=\"attachment-thumbnail size-thumbnail\" alt=\"\" loading=\"lazy\" \/><\/a>\n\t\t\t<\/div><\/figure>\n\t\t<\/div>\n\n","protected":false},"excerpt":{"rendered":"<p>Pi\u00f9 di 1500 persone nel fine settimana hanno riempito le piazze e le strade di Carmignano in occasione di una delle feste pi\u00f9 attese e sentite del territorio, l&#8217;Antica Fiera. Cos\u00ec come vuole la tradizione, nella settimana che comprende il primo marted\u00ec di dicembre nel comune mediceo si fa festa a suon di eccellenze enogastronomiche, &hellip; <a href=\"https:\/\/www.ilgiornaledicarmignano.it\/?p=283\" class=\"more-link\">Continua la lettura di <span class=\"screen-reader-text\">Antica Fiera di Carmignano: in due giorni pi\u00f9 di 1500 visitatori. Domani gran finale con i fuochi d\u2019artificio dalla Rocca<\/span> <span class=\"meta-nav\">&rarr;<\/span><\/a><\/p>\n","protected":false},"author":8,"featured_media":284,"comment_status":"closed","ping_status":"open","sticky":false,"template":"","format":"standard","meta":{"ngg_post_thumbnail":0},"categories":[12,3,7],"tags":[2],"_links":{"self":[{"href":"https:\/\/www.ilgiornaledicarmignano.it\/index.php?rest_route=\/wp\/v2\/posts\/283"}],"collection":[{"href":"https:\/\/www.ilgiornaledicarmignano.it\/index.php?rest_route=\/wp\/v2\/posts"}],"about":[{"href":"https:\/\/www.ilgiornaledicarmignano.it\/index.php?rest_route=\/wp\/v2\/types\/post"}],"author":[{"embeddable":true,"href":"https:\/\/www.ilgiornaledicarmignano.it\/index.php?rest_route=\/wp\/v2\/users\/8"}],"replies":[{"embeddable":true,"href":"https:\/\/www.ilgiornaledicarmignano.it\/index.php?rest_route=%2Fwp%2Fv2%2Fcomments&post=283"}],"version-history":[{"count":1,"href":"https:\/\/www.ilgiornaledicarmignano.it\/index.php?rest_route=\/wp\/v2\/posts\/283\/revisions"}],"predecessor-version":[{"id":295,"href":"https:\/\/www.ilgiornaledicarmignano.it\/index.php?rest_route=\/wp\/v2\/posts\/283\/revisions\/295"}],"wp:featuredmedia":[{"embeddable":true,"href":"https:\/\/www.ilgiornaledicarmignano.it\/index.php?rest_route=\/wp\/v2\/media\/284"}],"wp:attachment":[{"href":"https:\/\/www.ilgiornaledicarmignano.it\/index.php?rest_route=%2Fwp%2Fv2%2Fmedia&parent=283"}],"wp:term":[{"taxonomy":"category","embeddable":true,"href":"https:\/\/www.ilgiornaledicarmignano.it\/index.php?rest_route=%2Fwp%2Fv2%2Fcategories&post=283"},{"taxonomy":"post_tag","embeddable":true,"href":"https:\/\/www.ilgiornaledicarmignano.it\/index.php?rest_route=%2Fwp%2Fv2%2Ftags&post=283"}],"curies":[{"name":"wp","href":"https:\/\/api.w.org\/{rel}","templated":true}]}}