{"id":273,"date":"2018-11-29T12:53:05","date_gmt":"2018-11-29T11:53:05","guid":{"rendered":"http:\/\/www.ilgiornaledicarmignano.it\/?p=273"},"modified":"2018-12-03T12:15:44","modified_gmt":"2018-12-03T11:15:44","slug":"antica-fiera-di-carmignano-i-divieti-e-le-deviazioni","status":"publish","type":"post","link":"https:\/\/www.ilgiornaledicarmignano.it\/?p=273","title":{"rendered":"Antica Fiera di Carmignano, i divieti e le deviazioni"},"content":{"rendered":"<p>In occasione dell\u2019Antica Fiera di Carmignano, in programma sabato 1, domenica 2 e marted\u00ec 4 dicembre, il transito veicolare subir\u00e0 alcune variazioni.<\/p>\n<p>In particolare <strong><b>dalle 9 di venerd\u00ec 30 novembre alle 20 di mercoled\u00ec 5 dicembre \u00e8 attivo il divieto di sosta e di circolazione nel parcheggio pubblico di Santa Caterina<\/b><\/strong>. Durante le tre giornate di festa, <strong><b>l\u20191, il 2 e il 4 dicembre dalle 7 alle 20 divieto di sosta e di circolazione in piazza Giacomo Matteotti e piazza Vittorio Emanuele II<\/b><\/strong> (lato superiore comunale, ad iniziare dal civico 11), compreso il divieto di sosta sullo stallo di carico e scarico posizionato all\u2019uscita della piazza, all\u2019intersezione con via del Ceppo. <strong><b>Marted\u00ec 4 dicembre dalle 12 alle 20 divieto di transito pedonale<\/b><\/strong> sul belvedere lastricato sottostante la Rocca di via Castello, per predisposizione e sparo dei fuochi d\u2019artificio.<\/p>\n<p><strong><b>Mercoled\u00ec 5 dicembre,<\/b><\/strong> per consentire la pulizia delle strade, <strong><b>dalle 6,30 alle 10 divieto di sosta con rimozione coatta in piazza Giacomo Matteotti, piazza Vittorio Emanuele II e via del Ceppo<\/b><\/strong>.<\/p>\n<p>Sabato 1 e marted\u00ec 4 divieto di fermata su Largo della Repubblica (dal civico 1 al 4) per fermata provvisoria degli autobus e in piazza V. Emanuele (dal civico 11 al 16) per spazio di manovra degli autobus. Durante la tre giorni di fiera verr\u00e0 inoltre lasciato un corridoio centrale o laterale per consentire l\u2019eventuale transito dei veicoli di emergenza.<\/p>\n<p>&nbsp;<\/p>\n","protected":false},"excerpt":{"rendered":"<p>In occasione dell\u2019Antica Fiera di Carmignano, in programma sabato 1, domenica 2 e marted\u00ec 4 dicembre, il transito veicolare subir\u00e0 alcune variazioni. In particolare dalle 9 di venerd\u00ec 30 novembre alle 20 di mercoled\u00ec 5 dicembre \u00e8 attivo il divieto di sosta e di circolazione nel parcheggio pubblico di Santa Caterina. Durante le tre giornate &hellip; <a href=\"https:\/\/www.ilgiornaledicarmignano.it\/?p=273\" class=\"more-link\">Continua la lettura di <span class=\"screen-reader-text\">Antica Fiera di Carmignano, i divieti e le deviazioni<\/span> <span class=\"meta-nav\">&rarr;<\/span><\/a><\/p>\n","protected":false},"author":8,"featured_media":276,"comment_status":"closed","ping_status":"open","sticky":false,"template":"","format":"standard","meta":{"ngg_post_thumbnail":0},"categories":[9,7],"tags":[],"_links":{"self":[{"href":"https:\/\/www.ilgiornaledicarmignano.it\/index.php?rest_route=\/wp\/v2\/posts\/273"}],"collection":[{"href":"https:\/\/www.ilgiornaledicarmignano.it\/index.php?rest_route=\/wp\/v2\/posts"}],"about":[{"href":"https:\/\/www.ilgiornaledicarmignano.it\/index.php?rest_route=\/wp\/v2\/types\/post"}],"author":[{"embeddable":true,"href":"https:\/\/www.ilgiornaledicarmignano.it\/index.php?rest_route=\/wp\/v2\/users\/8"}],"replies":[{"embeddable":true,"href":"https:\/\/www.ilgiornaledicarmignano.it\/index.php?rest_route=%2Fwp%2Fv2%2Fcomments&post=273"}],"version-history":[{"count":1,"href":"https:\/\/www.ilgiornaledicarmignano.it\/index.php?rest_route=\/wp\/v2\/posts\/273\/revisions"}],"predecessor-version":[{"id":275,"href":"https:\/\/www.ilgiornaledicarmignano.it\/index.php?rest_route=\/wp\/v2\/posts\/273\/revisions\/275"}],"wp:featuredmedia":[{"embeddable":true,"href":"https:\/\/www.ilgiornaledicarmignano.it\/index.php?rest_route=\/wp\/v2\/media\/276"}],"wp:attachment":[{"href":"https:\/\/www.ilgiornaledicarmignano.it\/index.php?rest_route=%2Fwp%2Fv2%2Fmedia&parent=273"}],"wp:term":[{"taxonomy":"category","embeddable":true,"href":"https:\/\/www.ilgiornaledicarmignano.it\/index.php?rest_route=%2Fwp%2Fv2%2Fcategories&post=273"},{"taxonomy":"post_tag","embeddable":true,"href":"https:\/\/www.ilgiornaledicarmignano.it\/index.php?rest_route=%2Fwp%2Fv2%2Ftags&post=273"}],"curies":[{"name":"wp","href":"https:\/\/api.w.org\/{rel}","templated":true}]}}