{"id":2639,"date":"2021-06-01T09:45:00","date_gmt":"2021-06-01T07:45:00","guid":{"rendered":"http:\/\/www.ilgiornaledicarmignano.it\/?p=2639"},"modified":"2021-05-31T19:53:07","modified_gmt":"2021-05-31T17:53:07","slug":"1500-elaborati-al-premio-nazionale-poesia-bacchereto","status":"publish","type":"post","link":"https:\/\/www.ilgiornaledicarmignano.it\/?p=2639","title":{"rendered":"1500 elaborati al Premio Nazionale Poesia Bacchereto"},"content":{"rendered":"\n<p class=\"has-drop-cap\">Si \u00e8 concluso il termine per partecipare al Premio Nazionale Poesia Bacchereto, tornato alla vita dopo oltre un ventennio (<a href=\"https:\/\/www.ilgiornaledicarmignano.it\/?p=2377\" target=\"_blank\" rel=\"noreferrer noopener\">leggi qui la notizia dello scorso gennaio a riguardo contenente tutti i dettagli<\/a>).<\/p>\n\n\n\n<p><strong>I partecipanti totali sono stati 513<\/strong>, la maggior parte dei quali ha inviato 3 elaborati: sono state ricevute quindi <strong>circa 1500 poesie<\/strong> che adesso verranno valutate dalla giuria in vista della premiazione, prevista per il prossimo ottobre. Hanno partecipato al premio <strong>251 donne e 262 uomini<\/strong>, con un\u2019ampia variet\u00e0 anagrafica, che va dai diciottenni agli ultra ottantenni. Molto variegata anche la provenienza geografica, che vede <strong>rappresentate tutte le 20 regioni italiane<\/strong>, nessuna esclusa.<br>Oltre ai 513 ammessi, sono state escluse soltanto due poetesse: una perch\u00e9 minorenne (il bando prevede soltanto la partecipazione di cittadini maggiorenni) ed una perch\u00e9 residente in Francia (il bando \u00e8 aperto agli stranieri, ma solo se residenti in Italia).<\/p>\n\n\n\n<p>&#8220;Vedere una cos\u00ec grande partecipazione al Premio ci riempie di gioia &#8211; afferma <strong>il presidente del Premio, Luigi Petracchi<\/strong> &#8211; perch\u00e9 non era scontato che alla prima edizione dopo un ventennio di pausa ci fosse un tale riscontro. Soprattutto ci stupisce positivamente che siano pervenuti elaborati da tutta Italia: un segno chiaro che la poesia non ha confini&#8221;.<\/p>\n\n\n\n<p>&#8220;Non avevo dubbi sul fatto che ripristinare un premio cos\u00ec importante avrebbe portato entusiasmo e voglia di partecipare&#8221;, commenta <strong>l&#8217;assessora alla Cultura Stella Spinelli.<\/strong> &#8220;Da sempre, l&#8217;energia che \u00e8 stata messa in questo evento \u00e8 stata una garanzia di qualit\u00e0 e anche quest&#8217;anno abbiamo raggiunto l&#8217;apice della soddisfazione. Questo significa che la poesia ha ancora un posto nel cuore degli italiani. Vinca la poesia migliore!&#8221;<\/p>\n","protected":false},"excerpt":{"rendered":"<p>Si \u00e8 concluso il termine per partecipare al Premio Nazionale Poesia Bacchereto, tornato alla vita dopo oltre un ventennio (leggi qui la notizia dello scorso gennaio a riguardo contenente tutti i dettagli). I partecipanti totali sono stati 513, la maggior parte dei quali ha inviato 3 elaborati: sono state ricevute quindi circa 1500 poesie che &hellip; <a href=\"https:\/\/www.ilgiornaledicarmignano.it\/?p=2639\" class=\"more-link\">Continua la lettura di <span class=\"screen-reader-text\">1500 elaborati al Premio Nazionale Poesia Bacchereto<\/span> <span class=\"meta-nav\">&rarr;<\/span><\/a><\/p>\n","protected":false},"author":1,"featured_media":2640,"comment_status":"closed","ping_status":"open","sticky":false,"template":"","format":"standard","meta":{"ngg_post_thumbnail":0},"categories":[12],"tags":[106,2,194,357],"_links":{"self":[{"href":"https:\/\/www.ilgiornaledicarmignano.it\/index.php?rest_route=\/wp\/v2\/posts\/2639"}],"collection":[{"href":"https:\/\/www.ilgiornaledicarmignano.it\/index.php?rest_route=\/wp\/v2\/posts"}],"about":[{"href":"https:\/\/www.ilgiornaledicarmignano.it\/index.php?rest_route=\/wp\/v2\/types\/post"}],"author":[{"embeddable":true,"href":"https:\/\/www.ilgiornaledicarmignano.it\/index.php?rest_route=\/wp\/v2\/users\/1"}],"replies":[{"embeddable":true,"href":"https:\/\/www.ilgiornaledicarmignano.it\/index.php?rest_route=%2Fwp%2Fv2%2Fcomments&post=2639"}],"version-history":[{"count":3,"href":"https:\/\/www.ilgiornaledicarmignano.it\/index.php?rest_route=\/wp\/v2\/posts\/2639\/revisions"}],"predecessor-version":[{"id":2643,"href":"https:\/\/www.ilgiornaledicarmignano.it\/index.php?rest_route=\/wp\/v2\/posts\/2639\/revisions\/2643"}],"wp:featuredmedia":[{"embeddable":true,"href":"https:\/\/www.ilgiornaledicarmignano.it\/index.php?rest_route=\/wp\/v2\/media\/2640"}],"wp:attachment":[{"href":"https:\/\/www.ilgiornaledicarmignano.it\/index.php?rest_route=%2Fwp%2Fv2%2Fmedia&parent=2639"}],"wp:term":[{"taxonomy":"category","embeddable":true,"href":"https:\/\/www.ilgiornaledicarmignano.it\/index.php?rest_route=%2Fwp%2Fv2%2Fcategories&post=2639"},{"taxonomy":"post_tag","embeddable":true,"href":"https:\/\/www.ilgiornaledicarmignano.it\/index.php?rest_route=%2Fwp%2Fv2%2Ftags&post=2639"}],"curies":[{"name":"wp","href":"https:\/\/api.w.org\/{rel}","templated":true}]}}