{"id":2597,"date":"2021-05-07T11:16:29","date_gmt":"2021-05-07T09:16:29","guid":{"rendered":"http:\/\/www.ilgiornaledicarmignano.it\/?p=2597"},"modified":"2021-05-07T11:17:08","modified_gmt":"2021-05-07T09:17:08","slug":"i-bambini-di-comeana-vincono-il-premio-nazionale-i-fumetti-e-cartoni-dicono-no-alla-mafia-e-il-comune-regala-libri-sulla-legalita-alle-scuole","status":"publish","type":"post","link":"https:\/\/www.ilgiornaledicarmignano.it\/?p=2597","title":{"rendered":"I bambini di Comeana vincono il premio nazionale \u201cI fumetti e cartoni dicono No alla mafia\u201d e il Comune regala libri sulla legalit\u00e0 alle scuole"},"content":{"rendered":"\n<p>Le classi <strong>3-A e 3-B della scuola Nazario Sauro<\/strong> di Comeana hanno vinto il primo premio, per la sezione scuola primaria, del II concorso nazionale Premio Attilio Manca <strong>\u201cI fumetti e cartoni dicono No alla mafia\u201d<\/strong>, promosso dall\u2019Associazione Peppino Impastato e Adriana Castelli, con l\u2019elaborato <strong>\u201cUn\u2019intervista speciale\u201d<\/strong>.<\/p>\n\n\n\n<p>Lo scorso gennaio, a 25 anni dalla barbara uccisione da parte della mafia del piccolo Giuseppe Di Matteo, gli alunni dell\u2019istituto comprensivo Il Pontormo di Carmignano hanno partecipato ad un incontro in videoconferenza con il Presidio di Libera Valle Jato, per apprendere la storia di Giuseppe direttamente dal suo paese natale. A seguito dell\u2019incontro, queste due classi hanno scelto di realizzare il proprio elaborato proprio sul piccolo Di Matteo. \u201cI ragazzi hanno pensato ad alcune domande che avrebbero voluto porre a Giuseppe \u2013 <strong>spiega l\u2019insegnante referente Gianna Balestri<\/strong> \u2013 e noi insegnanti gli abbiamo elaborato le risposte prendendo spunto dal libro di Martino Lo Cascio \u2018Il giardino della memoria\u2019. Hanno poi realizzato il fumetto che ha come protagonisti Selem e Leo, due eroi che combattono le mafie, che pongono le domande a Giuseppe\u201d.<\/p>\n\n\n\n<p><strong>Il fumetto dei ragazzi di Comeana si \u00e8 guadagnato il primo posto su 754 elaborati.<\/strong> I giovanissimi autori riceveranno un attestato di impegno al valor civile, oltre all\u2019attestato di vittoria del premio. Parti del fumetto verranno lette domani pomeriggio nel giardino della legalit\u00e0 Pietra Tramuta, durante l\u2019inaugurazione dei due aranci prevista per le ore 16.<\/p>\n\n\n\n<p>Inoltre, in questa settimana l\u2019assessora alla Pubblica Istruzione Tamara Cecconi ha<strong> consegnato a tutte le scuole del territorio una serie di libri sul tema della legalit\u00e0:<\/strong> dopo il suddetto incontro dello scorso gennaio, alcuni insegnanti avevano espresso il desiderio di arricchire le biblioteche scolastiche con libri su questo tema. \u00c8 stato quindi proposto ad ogni istituto, dall\u2019infanzia alle medie, di redigere una lista di libri, che sono stati acquistati dal Comune affinch\u00e9 le scuole possano utilizzarli per la propria didattica.<\/p>\n\n\n\n<p>\u201cNon possiamo che essere orgogliosi dei nostri ragazzi e dei loro insegnanti \u2013 <strong>afferma Tamara Cecconi <\/strong>\u2013 che ancora una volta hanno dimostrato un grande impegno per promuovere la cultura della legalit\u00e0. Far capire ai cittadini del futuro cosa sia la mafia e perch\u00e9 sia fondamentale contrastarla, \u00e8 una nostra priorit\u00e0 perch\u00e9 solo con questa consapevolezza potranno coltivare un\u2019Italia migliore negli anni a venire\u201d.<\/p>\n\n\n\n<figure class=\"wp-block-image size-large\"><img loading=\"lazy\" width=\"940\" height=\"788\" src=\"http:\/\/www.ilgiornaledicarmignano.it\/wp-content\/uploads\/2021\/05\/Libri-legalita.png\" alt=\"Libri legalit\u00e0\" class=\"wp-image-2598\" srcset=\"https:\/\/www.ilgiornaledicarmignano.it\/wp-content\/uploads\/2021\/05\/Libri-legalita.png 940w, https:\/\/www.ilgiornaledicarmignano.it\/wp-content\/uploads\/2021\/05\/Libri-legalita-300x251.png 300w, https:\/\/www.ilgiornaledicarmignano.it\/wp-content\/uploads\/2021\/05\/Libri-legalita-768x644.png 768w\" sizes=\"(max-width: 940px) 100vw, 940px\" \/><\/figure>\n","protected":false},"excerpt":{"rendered":"<p>Le classi 3-A e 3-B della scuola Nazario Sauro di Comeana hanno vinto il primo premio, per la sezione scuola primaria, del II concorso nazionale Premio Attilio Manca \u201cI fumetti e cartoni dicono No alla mafia\u201d, promosso dall\u2019Associazione Peppino Impastato e Adriana Castelli, con l\u2019elaborato \u201cUn\u2019intervista speciale\u201d. Lo scorso gennaio, a 25 anni dalla barbara &hellip; <a href=\"https:\/\/www.ilgiornaledicarmignano.it\/?p=2597\" class=\"more-link\">Continua la lettura di <span class=\"screen-reader-text\">I bambini di Comeana vincono il premio nazionale \u201cI fumetti e cartoni dicono No alla mafia\u201d e il Comune regala libri sulla legalit\u00e0 alle scuole<\/span> <span class=\"meta-nav\">&rarr;<\/span><\/a><\/p>\n","protected":false},"author":1,"featured_media":2598,"comment_status":"closed","ping_status":"open","sticky":false,"template":"","format":"standard","meta":{"ngg_post_thumbnail":0},"categories":[12,13],"tags":[69,2,320,319,290,140,58],"_links":{"self":[{"href":"https:\/\/www.ilgiornaledicarmignano.it\/index.php?rest_route=\/wp\/v2\/posts\/2597"}],"collection":[{"href":"https:\/\/www.ilgiornaledicarmignano.it\/index.php?rest_route=\/wp\/v2\/posts"}],"about":[{"href":"https:\/\/www.ilgiornaledicarmignano.it\/index.php?rest_route=\/wp\/v2\/types\/post"}],"author":[{"embeddable":true,"href":"https:\/\/www.ilgiornaledicarmignano.it\/index.php?rest_route=\/wp\/v2\/users\/1"}],"replies":[{"embeddable":true,"href":"https:\/\/www.ilgiornaledicarmignano.it\/index.php?rest_route=%2Fwp%2Fv2%2Fcomments&post=2597"}],"version-history":[{"count":2,"href":"https:\/\/www.ilgiornaledicarmignano.it\/index.php?rest_route=\/wp\/v2\/posts\/2597\/revisions"}],"predecessor-version":[{"id":2600,"href":"https:\/\/www.ilgiornaledicarmignano.it\/index.php?rest_route=\/wp\/v2\/posts\/2597\/revisions\/2600"}],"wp:featuredmedia":[{"embeddable":true,"href":"https:\/\/www.ilgiornaledicarmignano.it\/index.php?rest_route=\/wp\/v2\/media\/2598"}],"wp:attachment":[{"href":"https:\/\/www.ilgiornaledicarmignano.it\/index.php?rest_route=%2Fwp%2Fv2%2Fmedia&parent=2597"}],"wp:term":[{"taxonomy":"category","embeddable":true,"href":"https:\/\/www.ilgiornaledicarmignano.it\/index.php?rest_route=%2Fwp%2Fv2%2Fcategories&post=2597"},{"taxonomy":"post_tag","embeddable":true,"href":"https:\/\/www.ilgiornaledicarmignano.it\/index.php?rest_route=%2Fwp%2Fv2%2Ftags&post=2597"}],"curies":[{"name":"wp","href":"https:\/\/api.w.org\/{rel}","templated":true}]}}