{"id":251,"date":"2018-11-26T12:19:35","date_gmt":"2018-11-26T11:19:35","guid":{"rendered":"http:\/\/www.ilgiornaledicarmignano.it\/?p=251"},"modified":"2018-11-26T12:19:35","modified_gmt":"2018-11-26T11:19:35","slug":"incentivi-per-le-attivita-economiche-ce-ancora-tempo-per-presentare-la-domanda","status":"publish","type":"post","link":"https:\/\/www.ilgiornaledicarmignano.it\/?p=251","title":{"rendered":"Incentivi per le attivit\u00e0 economiche, c\u2019\u00e8 ancora tempo per presentare la domanda"},"content":{"rendered":"<p><strong>Riportare vita nei centri storici sostenendo chi decide di aprire una nuova attivit\u00e0 o chi s\u2019impegna a mantenerla in vita per almeno cinque anni<\/strong>. E\u2019 questo l\u2019obiettivo del bando pubblicato lo scorso fine settembre dal Comune di Carmignano, per l\u2019assegnazione di incentivi a sostegno delle attivit\u00e0 economiche nel centro del capoluogo e nelle frazioni del Comune mediceo. Si ricorda che <strong>il bando \u00e8 ancora aperto e che \u00e8 possibile presentare la domanda fino alle 12.30 di venerd\u00ec 30 novembre<\/strong>.<\/p>\n<p>Il bando \u00e8 rivolto alle attivit\u00e0 commerciali e artigianali con vendita al pubblico, agli studi artistici e alle attivit\u00e0 culturali con apertura al pubblico e agli esercizi di somministrazione al pubblico di alimenti e bevande. La somma annua stanziata nel 2018 dall\u2019amministrazione comunale per questa finalit\u00e0 ammonta a 45mila euro.<\/p>\n<p>Due le tipologie di incentivi proposti. La prima consiste <strong>in contributi a sostegno di coloro che vogliono aprire una nuova attivit\u00e0<\/strong>: se il locale \u00e8 in affitto, ai progetti selezionati sar\u00e0 assegnato un contributo per il pagamento dell\u2019affitto dei locali pari al 60% dell\u2019importo per il primo anno, al 40% per il secondo e al 20% per il terzo anno; se il locale \u00e8 di propriet\u00e0, l\u2019amministrazione propone un contributo nella misura del 100% dell\u2019Imu gravante sull\u2019immobile. La seconda tipologia prevede <strong>incentivi<\/strong>, pari al 30% della Tari dovuta, destinati <strong>a coloro che hanno un&#8217;attivit\u00e0 al 31 dicembre del 2017 e che si impegnano a mantenerla per almeno cinque anni.<\/strong><\/p>\n<p>Tutte le informazioni sul bando sono consultabili sul sito del Comune di Carmignano (<a href=\"http:\/\/www.comune.carmignano.po.it\">www.comune.carmignano.po.it<\/a>). Le domande potranno essere inviate tramite\u00a0<strong>posta elettronica certificata<\/strong>\u00a0(<a href=\"mailto:comune.carmignano@postacert.toscana.it\">comune.carmignano@postacert.toscana.it<\/a>);<strong>consegnate a mano all&#8217;Ufficio Protocollo del Comune<\/strong>\u00a0(piazza G. Matteotti 1; orari: luned\u00ec dalle 8.30 alle 12.30 e dalle 15 alle 18; marted\u00ec, mercoled\u00ec e venerd\u00ec dalle 8.30 alle 12.30; gioved\u00ec dalle 8.30 alle 15.30); tramite\u00a0<strong>raccomandata con ricevuta di ritorno\u00a0<\/strong>(non fa fede il timbro postale) indirizzata al Comune.<\/p>\n","protected":false},"excerpt":{"rendered":"<p>Riportare vita nei centri storici sostenendo chi decide di aprire una nuova attivit\u00e0 o chi s\u2019impegna a mantenerla in vita per almeno cinque anni. E\u2019 questo l\u2019obiettivo del bando pubblicato lo scorso fine settembre dal Comune di Carmignano, per l\u2019assegnazione di incentivi a sostegno delle attivit\u00e0 economiche nel centro del capoluogo e nelle frazioni del &hellip; <a href=\"https:\/\/www.ilgiornaledicarmignano.it\/?p=251\" class=\"more-link\">Continua la lettura di <span class=\"screen-reader-text\">Incentivi per le attivit\u00e0 economiche, c\u2019\u00e8 ancora tempo per presentare la domanda<\/span> <span class=\"meta-nav\">&rarr;<\/span><\/a><\/p>\n","protected":false},"author":8,"featured_media":252,"comment_status":"closed","ping_status":"open","sticky":false,"template":"","format":"standard","meta":{"ngg_post_thumbnail":0},"categories":[10,7],"tags":[],"_links":{"self":[{"href":"https:\/\/www.ilgiornaledicarmignano.it\/index.php?rest_route=\/wp\/v2\/posts\/251"}],"collection":[{"href":"https:\/\/www.ilgiornaledicarmignano.it\/index.php?rest_route=\/wp\/v2\/posts"}],"about":[{"href":"https:\/\/www.ilgiornaledicarmignano.it\/index.php?rest_route=\/wp\/v2\/types\/post"}],"author":[{"embeddable":true,"href":"https:\/\/www.ilgiornaledicarmignano.it\/index.php?rest_route=\/wp\/v2\/users\/8"}],"replies":[{"embeddable":true,"href":"https:\/\/www.ilgiornaledicarmignano.it\/index.php?rest_route=%2Fwp%2Fv2%2Fcomments&post=251"}],"version-history":[{"count":1,"href":"https:\/\/www.ilgiornaledicarmignano.it\/index.php?rest_route=\/wp\/v2\/posts\/251\/revisions"}],"predecessor-version":[{"id":253,"href":"https:\/\/www.ilgiornaledicarmignano.it\/index.php?rest_route=\/wp\/v2\/posts\/251\/revisions\/253"}],"wp:featuredmedia":[{"embeddable":true,"href":"https:\/\/www.ilgiornaledicarmignano.it\/index.php?rest_route=\/wp\/v2\/media\/252"}],"wp:attachment":[{"href":"https:\/\/www.ilgiornaledicarmignano.it\/index.php?rest_route=%2Fwp%2Fv2%2Fmedia&parent=251"}],"wp:term":[{"taxonomy":"category","embeddable":true,"href":"https:\/\/www.ilgiornaledicarmignano.it\/index.php?rest_route=%2Fwp%2Fv2%2Fcategories&post=251"},{"taxonomy":"post_tag","embeddable":true,"href":"https:\/\/www.ilgiornaledicarmignano.it\/index.php?rest_route=%2Fwp%2Fv2%2Ftags&post=251"}],"curies":[{"name":"wp","href":"https:\/\/api.w.org\/{rel}","templated":true}]}}