{"id":2344,"date":"2020-12-19T17:34:27","date_gmt":"2020-12-19T16:34:27","guid":{"rendered":"http:\/\/www.ilgiornaledicarmignano.it\/?p=2344"},"modified":"2020-12-31T09:40:40","modified_gmt":"2020-12-31T08:40:40","slug":"uniti-dalle-note-oggi-il-concerto-della-scuola-di-musica-lottava-nota","status":"publish","type":"post","link":"https:\/\/www.ilgiornaledicarmignano.it\/?p=2344","title":{"rendered":"Uniti dalle note: oggi il concerto della scuola di musica &#8220;L&#8217;ottava nota&#8221;"},"content":{"rendered":"\n<p>Oggi alle 17.45 andr\u00e0 online in diretta streaming dalle sale della Villa Medicea &#8220;La Ferdinanda&#8221; di Artimino, il concerto della scuola di musica &#8220;L&#8217;ottava nota&#8221;. Venuti a conoscenza dell&#8217;estrema difficolt\u00e0 in cui si trova la scuola di musica in questo periodo di pandemia, e data l&#8217;impossibilit\u00e0 di svolgere in presenza il consueto programma di iniziative culturali per allietare le festivit\u00e0 natalizie, l&#8217;Assessorato alla Cultura ha ritenuto indispensabile ingaggiare i professori e gli allievi musicisti per non rinunciare alla tradizione, aiutando questa importante realt\u00e0, preziosa e professionale. Cos\u00ec, tutta la cittadinanza \u00e8 invitata ad unirsi nell&#8217;ascolto della diretta streaming del concerto, nella prestigiosa sede della Villa Medicea, attraverso i propri computer o smartphone. Un ringraziamento particolare va ad Artimino SpA, che ha generosamente messo a disposizione i propri ambienti gratuitamente.<\/p>\n\n\n\n<p>Dalle riprese effettuate durante il concerto, sar\u00e0 realizzato anche un videoclip che verr\u00e0 utilizzato, nei mesi a venire, come strumento promozionale per la scuola di musica, la quale ha bisogno di ritrovare un nuovo slancio per ripartire con il nuovo anno, avendo visto scendere da 330 a 180 i propri iscritti di quest&#8217;anno a causa del covid.<\/p>\n\n\n\n<p>Di seguito il programma del concerto.<br><strong>Sabato 19 dicembre 2020 ore 17.45<\/strong><br><em><strong>Villa Medicea \u201cLa Ferdinanda\u201d di Artimino<\/strong><\/em><br><em>in diretta streaming sulla pagina Fb del Comune di Carmignano<\/em><br><em><strong>\u201cUniti dalle Note\u201d<\/strong><\/em><br><em><strong>Concerto a sostegno della Scuola di musica L\u2019Ottava Nota<\/strong><\/em><br>Direttore: M\u00b0 Alessandro Bernardi<br><em>&nbsp;Con la partecipazione delle seguenti formazioni:<\/em><\/p>\n\n\n\n<p><em>&nbsp;<\/em>&gt;&nbsp;<strong>\u201cIron Kid5\u201d &#8211;&nbsp;<\/strong>musica e canzoni pop rock<br>Voce: Agnese Terrosi<br>Chitarre elettrica: Matteo Cieri &#8211; Elena Grassi<br>Basso: Tommaso Ciolini<br>Batteria: Niccol\u00f2 Zeloni<\/p>\n\n\n\n<p>&nbsp;&gt;&nbsp;<strong>Andrea Adami Project &#8211;&nbsp;<\/strong>\u201cThe Sky is Open\u201d<br>Chitarra elettrica: Andrea Adami<br>Basso: Marco Polidori<br>Tastiera: Vincenzo Lo Monaco<br>Batteria: Simone Malinconi<\/p>\n\n\n\n<p>&nbsp;&gt;&nbsp;<strong>Big Band degli allievi &#8211;&nbsp;<\/strong>brani della tradizione jazz, blues e soul<br>Voce: Elisa Emmanuello<br>Chitarra elettrica: Daniele Grassi<br>Sax: Marco Bindi, Vincenzo Soricillo e Mario Pimpinella<br>Basso: Alessandro Berti<br>Batteria: Elena Collina<\/p>\n\n\n\n<p>&nbsp;&gt;&nbsp;<strong>Ottava Nota Big Band &#8211;&nbsp;<\/strong>le pi\u00f9 belle canzoni di Mia Martini<br>Voci: Beatrice Di Salvio e Nicola Innocenti<br>Chitarre elettrica: Giulio Peretti e Diego Lopilato<br>Basso: Marco Cattarossi<br>Tastiera: Emanuele Proietti<br>Violino: Alessandro Bernardi<br>Batteria: Virgilio Lenzi<\/p>\n\n\n\n<p style=\"text-align:center\"><strong><a href=\"https:\/\/fb.watch\/2tWmErd31H\/\" target=\"_blank\" rel=\"noreferrer noopener\" aria-label=\"CLICCARE QUI PER VEDERE IL VIDEO DEL CONCERTO (apre in una nuova scheda)\">CLICCARE QUI PER VEDERE IL VIDEO DEL CONCERTO<\/a><\/strong><\/p>\n","protected":false},"excerpt":{"rendered":"<p>Oggi alle 17.45 andr\u00e0 online in diretta streaming dalle sale della Villa Medicea &#8220;La Ferdinanda&#8221; di Artimino, il concerto della scuola di musica &#8220;L&#8217;ottava nota&#8221;. Venuti a conoscenza dell&#8217;estrema difficolt\u00e0 in cui si trova la scuola di musica in questo periodo di pandemia, e data l&#8217;impossibilit\u00e0 di svolgere in presenza il consueto programma di iniziative &hellip; <a href=\"https:\/\/www.ilgiornaledicarmignano.it\/?p=2344\" class=\"more-link\">Continua la lettura di <span class=\"screen-reader-text\">Uniti dalle note: oggi il concerto della scuola di musica &#8220;L&#8217;ottava nota&#8221;<\/span> <span class=\"meta-nav\">&rarr;<\/span><\/a><\/p>\n","protected":false},"author":1,"featured_media":2347,"comment_status":"closed","ping_status":"open","sticky":false,"template":"","format":"standard","meta":{"ngg_post_thumbnail":0},"categories":[28,12,1],"tags":[183,180,184,167,182,181],"_links":{"self":[{"href":"https:\/\/www.ilgiornaledicarmignano.it\/index.php?rest_route=\/wp\/v2\/posts\/2344"}],"collection":[{"href":"https:\/\/www.ilgiornaledicarmignano.it\/index.php?rest_route=\/wp\/v2\/posts"}],"about":[{"href":"https:\/\/www.ilgiornaledicarmignano.it\/index.php?rest_route=\/wp\/v2\/types\/post"}],"author":[{"embeddable":true,"href":"https:\/\/www.ilgiornaledicarmignano.it\/index.php?rest_route=\/wp\/v2\/users\/1"}],"replies":[{"embeddable":true,"href":"https:\/\/www.ilgiornaledicarmignano.it\/index.php?rest_route=%2Fwp%2Fv2%2Fcomments&post=2344"}],"version-history":[{"count":3,"href":"https:\/\/www.ilgiornaledicarmignano.it\/index.php?rest_route=\/wp\/v2\/posts\/2344\/revisions"}],"predecessor-version":[{"id":2349,"href":"https:\/\/www.ilgiornaledicarmignano.it\/index.php?rest_route=\/wp\/v2\/posts\/2344\/revisions\/2349"}],"wp:featuredmedia":[{"embeddable":true,"href":"https:\/\/www.ilgiornaledicarmignano.it\/index.php?rest_route=\/wp\/v2\/media\/2347"}],"wp:attachment":[{"href":"https:\/\/www.ilgiornaledicarmignano.it\/index.php?rest_route=%2Fwp%2Fv2%2Fmedia&parent=2344"}],"wp:term":[{"taxonomy":"category","embeddable":true,"href":"https:\/\/www.ilgiornaledicarmignano.it\/index.php?rest_route=%2Fwp%2Fv2%2Fcategories&post=2344"},{"taxonomy":"post_tag","embeddable":true,"href":"https:\/\/www.ilgiornaledicarmignano.it\/index.php?rest_route=%2Fwp%2Fv2%2Ftags&post=2344"}],"curies":[{"name":"wp","href":"https:\/\/api.w.org\/{rel}","templated":true}]}}