{"id":2317,"date":"2020-12-01T14:14:43","date_gmt":"2020-12-01T13:14:43","guid":{"rendered":"http:\/\/www.ilgiornaledicarmignano.it\/?p=2317"},"modified":"2020-12-01T14:16:22","modified_gmt":"2020-12-01T13:16:22","slug":"2317","status":"publish","type":"post","link":"https:\/\/www.ilgiornaledicarmignano.it\/?p=2317","title":{"rendered":"Seano: in arrivo la nuova viabilit\u00e0"},"content":{"rendered":"\n<p class=\"has-drop-cap\">La frazione di Seano sar\u00e0 soggetta ad una modifica della viabilit\u00e0 che coinvolger\u00e0 in modo particolare quattro strade, sulle quali sar\u00e0 istituito il senso unico: via don Minzoni, via Saba, via Morante, via Fratelli Rosselli. <\/p>\n\n\n\n<p> Nello specifico, saranno istituiti i seguenti sensi unici: <br>&#8211; <strong>su via Don Minzoni<\/strong>, nel tratto di strada compreso tra via Baccheretana e via Morante (in direzione di via Morante) e nel tratto compreso tra via Montale e via Bacchelli (in direzione di via Bacchelli);<br> &#8211; <strong>su via Saba<\/strong>, nel tratto di strada compreso tra via Morante e via Lisi (in direzione di via Lisi); <br> &#8211; <strong>su via Morante<\/strong>, nel tratto di strada compreso tra via Baccheretana e via Morante (in direzione di via Morante) e nel tratto compreso tra via Don Minzoni e via Montale (in direzione di via Montale); <br> &#8211; <strong>su via Fratelli Rosselli<\/strong>, nel tratto di strada compreso tra via Saba e via Don Minzoni (in direzione di via Don Minzoni). <\/p>\n\n\n\n<p>Gi\u00e0 da questa settimana partir\u00e0 l\u2019installazione della segnaletica verticale, che verr\u00e0 temporaneamente coperta. Nella seconda settimana di dicembre sar\u00e0 invece realizzata la segnaletica orizzontale, dopo di che verranno scoperti i cartelli e la nuova viabilit\u00e0 entrer\u00e0 in vigore.<\/p>\n\n\n\n<p>Le strade in questione, avendo una larghezza della carreggiata particolarmente ridotta e priva di marciapiedi, necessitavano&nbsp;dell\u2019istituzione del senso unico <strong>per garantire la sicurezza ai pedoni, oltre che per una migliore regolamentazione del traffico veicolare<\/strong>. La nuova viabilit\u00e0, infatti, \u00e8 volta in modo particolare alla tutela dei pedoni, ma prospetta anche una pi\u00f9 ampia possibilit\u00e0 di parcheggio per i residenti della zona.<\/p>\n","protected":false},"excerpt":{"rendered":"<p>La frazione di Seano sar\u00e0 soggetta ad una modifica della viabilit\u00e0 che coinvolger\u00e0 in modo particolare quattro strade, sulle quali sar\u00e0 istituito il senso unico: via don Minzoni, via Saba, via Morante, via Fratelli Rosselli. Nello specifico, saranno istituiti i seguenti sensi unici: &#8211; su via Don Minzoni, nel tratto di strada compreso tra via &hellip; <a href=\"https:\/\/www.ilgiornaledicarmignano.it\/?p=2317\" class=\"more-link\">Continua la lettura di <span class=\"screen-reader-text\">Seano: in arrivo la nuova viabilit\u00e0<\/span> <span class=\"meta-nav\">&rarr;<\/span><\/a><\/p>\n","protected":false},"author":1,"featured_media":2318,"comment_status":"closed","ping_status":"open","sticky":false,"template":"","format":"standard","meta":{"ngg_post_thumbnail":0},"categories":[21,22],"tags":[2,68,160,161,92,159],"_links":{"self":[{"href":"https:\/\/www.ilgiornaledicarmignano.it\/index.php?rest_route=\/wp\/v2\/posts\/2317"}],"collection":[{"href":"https:\/\/www.ilgiornaledicarmignano.it\/index.php?rest_route=\/wp\/v2\/posts"}],"about":[{"href":"https:\/\/www.ilgiornaledicarmignano.it\/index.php?rest_route=\/wp\/v2\/types\/post"}],"author":[{"embeddable":true,"href":"https:\/\/www.ilgiornaledicarmignano.it\/index.php?rest_route=\/wp\/v2\/users\/1"}],"replies":[{"embeddable":true,"href":"https:\/\/www.ilgiornaledicarmignano.it\/index.php?rest_route=%2Fwp%2Fv2%2Fcomments&post=2317"}],"version-history":[{"count":2,"href":"https:\/\/www.ilgiornaledicarmignano.it\/index.php?rest_route=\/wp\/v2\/posts\/2317\/revisions"}],"predecessor-version":[{"id":2320,"href":"https:\/\/www.ilgiornaledicarmignano.it\/index.php?rest_route=\/wp\/v2\/posts\/2317\/revisions\/2320"}],"wp:featuredmedia":[{"embeddable":true,"href":"https:\/\/www.ilgiornaledicarmignano.it\/index.php?rest_route=\/wp\/v2\/media\/2318"}],"wp:attachment":[{"href":"https:\/\/www.ilgiornaledicarmignano.it\/index.php?rest_route=%2Fwp%2Fv2%2Fmedia&parent=2317"}],"wp:term":[{"taxonomy":"category","embeddable":true,"href":"https:\/\/www.ilgiornaledicarmignano.it\/index.php?rest_route=%2Fwp%2Fv2%2Fcategories&post=2317"},{"taxonomy":"post_tag","embeddable":true,"href":"https:\/\/www.ilgiornaledicarmignano.it\/index.php?rest_route=%2Fwp%2Fv2%2Ftags&post=2317"}],"curies":[{"name":"wp","href":"https:\/\/api.w.org\/{rel}","templated":true}]}}