{"id":2288,"date":"2020-11-05T12:17:57","date_gmt":"2020-11-05T11:17:57","guid":{"rendered":"http:\/\/www.ilgiornaledicarmignano.it\/?p=2288"},"modified":"2020-11-05T12:25:11","modified_gmt":"2020-11-05T11:25:11","slug":"torrente-elzana-via-ai-lavori-di-messa-in-sicurezza","status":"publish","type":"post","link":"https:\/\/www.ilgiornaledicarmignano.it\/?p=2288","title":{"rendered":"Torrente elzana: via ai lavori di messa in sicurezza"},"content":{"rendered":"\n<p class=\"has-drop-cap\">Sono in corso i lavori di rigenerazione sul torrente Elzana a Comeana, in particolare nel tratto dal ponte di via della Stazione verso monte, e nell\u2019area del Parco della Fontina. <strong>L\u2019intervento vede la collaborazione tra il Genio civile della Regione Toscana e il Comune di Carmignano ed \u00e8 messo in atto dal Consorzio di Bonifica Medio Valdarno.<\/strong><\/p>\n\n\n\n<p>Anche a causa dei cambiamenti climatici, negli ultimi anni sono sempre pi\u00f9 frequenti le bombe d\u2019acqua che, generando piene improvvise dei corsi d\u2019acqua, rendono pi\u00f9 probabile il rischio di esondazione. L\u2019Elzana, come molti torrenti, non \u00e8 esente dal rischio idrogeologico ed \u00e8 fondamentale la sua manutenzione per garantire la sicurezza dei cittadini che vivono nella zona. I detriti portati dall\u2019acqua nel corso del tempo avevano modificato la morfologia del territorio e del torrente stesso. Per programmare l\u2019intervento <strong>\u00e8 stato importante il dialogo con i cittadini <\/strong>che vivono in quel tratto, lungo le sponde dell\u2019Elzana, i quali hanno potuto mettere la propria memoria storica a disposizione, confrontandosi con i tecnici del Genio civile e del Consorzio di bonifica, e quindi di intervenire nel migliore dei modi.<\/p>\n\n\n\n<p>I lavori sull\u2019alveo dell\u2019Elzana stanno anche contribuendo al recupero e alla <strong>tutela di un ponte medievale<\/strong>: in quanto il corso del torrente era stato deviato dai detriti, mettendone a repentaglio la stabilit\u00e0. Il ponte si trova sul tracciato della Via degli Etruschi, il percorso storico naturalistico che si snoda da Volterra a Fiesole passando anche per il territorio di Carmignano. Recuperare questo tratto di torrente \u00e8 quindi una necessit\u00e0 anche da questo punto di vista.<\/p>\n\n\n\n<ul class=\"wp-block-gallery columns-3 is-cropped\"><li class=\"blocks-gallery-item\"><figure><img loading=\"lazy\" width=\"940\" height=\"788\" src=\"http:\/\/www.ilgiornaledicarmignano.it\/wp-content\/uploads\/2020\/11\/3.png\" alt=\"\" data-id=\"2290\" class=\"wp-image-2290\" srcset=\"https:\/\/www.ilgiornaledicarmignano.it\/wp-content\/uploads\/2020\/11\/3.png 940w, https:\/\/www.ilgiornaledicarmignano.it\/wp-content\/uploads\/2020\/11\/3-300x251.png 300w, https:\/\/www.ilgiornaledicarmignano.it\/wp-content\/uploads\/2020\/11\/3-768x644.png 768w\" sizes=\"(max-width: 940px) 100vw, 940px\" \/><\/figure><\/li><li class=\"blocks-gallery-item\"><figure><img loading=\"lazy\" width=\"940\" height=\"788\" src=\"http:\/\/www.ilgiornaledicarmignano.it\/wp-content\/uploads\/2020\/11\/1.png\" alt=\"\" data-id=\"2291\" data-link=\"http:\/\/www.ilgiornaledicarmignano.it\/?attachment_id=2291\" class=\"wp-image-2291\" srcset=\"https:\/\/www.ilgiornaledicarmignano.it\/wp-content\/uploads\/2020\/11\/1.png 940w, https:\/\/www.ilgiornaledicarmignano.it\/wp-content\/uploads\/2020\/11\/1-300x251.png 300w, https:\/\/www.ilgiornaledicarmignano.it\/wp-content\/uploads\/2020\/11\/1-768x644.png 768w\" sizes=\"(max-width: 940px) 100vw, 940px\" \/><\/figure><\/li><li class=\"blocks-gallery-item\"><figure><img loading=\"lazy\" width=\"940\" height=\"788\" src=\"http:\/\/www.ilgiornaledicarmignano.it\/wp-content\/uploads\/2020\/11\/2.png\" alt=\"\" data-id=\"2292\" data-link=\"http:\/\/www.ilgiornaledicarmignano.it\/?attachment_id=2292\" class=\"wp-image-2292\" srcset=\"https:\/\/www.ilgiornaledicarmignano.it\/wp-content\/uploads\/2020\/11\/2.png 940w, https:\/\/www.ilgiornaledicarmignano.it\/wp-content\/uploads\/2020\/11\/2-300x251.png 300w, https:\/\/www.ilgiornaledicarmignano.it\/wp-content\/uploads\/2020\/11\/2-768x644.png 768w\" sizes=\"(max-width: 940px) 100vw, 940px\" \/><\/figure><\/li><\/ul>\n\n\n\n<p>Spiega <strong>il presidente del Consorzio, Marco Bottino<\/strong>: \u201cIl Consorzio, in collaborazione con il Genio Civile, sta attuando in questi giorni un altro importante intervento sul Torrente Elzana, che in questi ultimi anni ha conosciuto una lunga serie di manutenzioni che lo hanno reso sempre pi\u00f9 sicuro e pi\u00f9 bello e fruibile andando cos\u00ec a ricostruire un nuovo positivo rapporto fra cittadini e corso d&#8217;acqua. Anche a questo serve quel contributo di bonifica che nelle prossime settimane sar\u00e0 richiesto su tutto il territorio Medio Valdarno, anche a Carmignano\u201d.<\/p>\n\n\n\n<p>\u201cA distanza di questi ultimi quattro anni di stretta collaborazione con il Consorzio di bonifica Medio Valdarno ed il Genio civile della Regione Toscana \u2013 aggiunge l\u2019<strong>assessore all\u2019Ambiente Federico Migaldi <\/strong>\u2013 voglio ringraziarne i tecnici e gli organi amministrativi di questi due enti. Il dialogo sviluppato anche con i residenti del nostro territorio, ha permesso nel corso di questi ultimi anni di avere interventi sempre di maggiore qualit\u00e0, contribuendo anche a sviluppare il progetto inclusivo delle Vie dell\u2019Acqua, a cui l\u2019amministrazione comunale fa sempre riferimento per la tutela e promozione del territorio del Comune di Carmignano\u201d.<\/p>\n","protected":false},"excerpt":{"rendered":"<p>Sono in corso i lavori di rigenerazione sul torrente Elzana a Comeana, in particolare nel tratto dal ponte di via della Stazione verso monte, e nell\u2019area del Parco della Fontina. L\u2019intervento vede la collaborazione tra il Genio civile della Regione Toscana e il Comune di Carmignano ed \u00e8 messo in atto dal Consorzio di Bonifica &hellip; <a href=\"https:\/\/www.ilgiornaledicarmignano.it\/?p=2288\" class=\"more-link\">Continua la lettura di <span class=\"screen-reader-text\">Torrente elzana: via ai lavori di messa in sicurezza<\/span> <span class=\"meta-nav\">&rarr;<\/span><\/a><\/p>\n","protected":false},"author":1,"featured_media":2289,"comment_status":"closed","ping_status":"open","sticky":false,"template":"","format":"standard","meta":{"ngg_post_thumbnail":0},"categories":[8],"tags":[69,150,148,2,149],"_links":{"self":[{"href":"https:\/\/www.ilgiornaledicarmignano.it\/index.php?rest_route=\/wp\/v2\/posts\/2288"}],"collection":[{"href":"https:\/\/www.ilgiornaledicarmignano.it\/index.php?rest_route=\/wp\/v2\/posts"}],"about":[{"href":"https:\/\/www.ilgiornaledicarmignano.it\/index.php?rest_route=\/wp\/v2\/types\/post"}],"author":[{"embeddable":true,"href":"https:\/\/www.ilgiornaledicarmignano.it\/index.php?rest_route=\/wp\/v2\/users\/1"}],"replies":[{"embeddable":true,"href":"https:\/\/www.ilgiornaledicarmignano.it\/index.php?rest_route=%2Fwp%2Fv2%2Fcomments&post=2288"}],"version-history":[{"count":3,"href":"https:\/\/www.ilgiornaledicarmignano.it\/index.php?rest_route=\/wp\/v2\/posts\/2288\/revisions"}],"predecessor-version":[{"id":2295,"href":"https:\/\/www.ilgiornaledicarmignano.it\/index.php?rest_route=\/wp\/v2\/posts\/2288\/revisions\/2295"}],"wp:featuredmedia":[{"embeddable":true,"href":"https:\/\/www.ilgiornaledicarmignano.it\/index.php?rest_route=\/wp\/v2\/media\/2289"}],"wp:attachment":[{"href":"https:\/\/www.ilgiornaledicarmignano.it\/index.php?rest_route=%2Fwp%2Fv2%2Fmedia&parent=2288"}],"wp:term":[{"taxonomy":"category","embeddable":true,"href":"https:\/\/www.ilgiornaledicarmignano.it\/index.php?rest_route=%2Fwp%2Fv2%2Fcategories&post=2288"},{"taxonomy":"post_tag","embeddable":true,"href":"https:\/\/www.ilgiornaledicarmignano.it\/index.php?rest_route=%2Fwp%2Fv2%2Ftags&post=2288"}],"curies":[{"name":"wp","href":"https:\/\/api.w.org\/{rel}","templated":true}]}}