{"id":2278,"date":"2020-11-02T14:48:32","date_gmt":"2020-11-02T13:48:32","guid":{"rendered":"http:\/\/www.ilgiornaledicarmignano.it\/?p=2278"},"modified":"2020-11-02T14:37:28","modified_gmt":"2020-11-02T13:37:28","slug":"comune-e-legambiente-insieme-contro-labbandono-delle-mascherine","status":"publish","type":"post","link":"https:\/\/www.ilgiornaledicarmignano.it\/?p=2278","title":{"rendered":"Comune e Legambiente insieme contro l\u2019abbandono delle mascherine"},"content":{"rendered":"\n<p class=\"has-drop-cap\">In questi mesi, nei quali vige l\u2019obbligo di indossare la mascherina ogni qual volta si esca di casa, questi sono diventati tra i rifiuti maggiormente prodotti. Non essendo riciclabili n\u00e9 compostabili,<strong> le mascherine devono essere conferite nel rifiuto residuo<\/strong>, ma ne vengono ritrovate ogni giorno molte disperse nell\u2019ambiente.<\/p>\n\n\n\n<p>Durante l\u2019estate i <a href=\"http:\/\/www.ilgiornaledicarmignano.it\/?p=2187\">\u201cNonni del verde\u201d<\/a>, gli uomini e donne che svolgono servizi socialmente utili nel territorio comunale e che si sono dedicati in particolare alla pulizia delle aree verdi pubbliche, hanno denunciato il frequente ritrovamento delle mascherine.<br>La stessa problematica \u00e8 stata riscontrata dai volontari che hanno partecipato all\u2019iniziativa \u201cPuliamo il mondo\u201d il mese scorso, quando fra i molti rifiuti raccolti \u00e8 emersa una forte presenza di mascherine usa e getta.<\/p>\n\n\n\n<p>Sebbene la maggioranza delle mascherine disperse non venga abbandonata intenzionalmente, ma sia piuttosto persa inconsapevolmente, il forte impatto ambientale di questi rifiuti deve portare ad una riflessione, incentivando a porvi un\u2019attenzione particolare. Lo stesso vale per i mozziconi di sigaretta, sempre troppo presenti nell\u2019ambiente. Entrambi questi rifiuti, <strong>se non smaltiti correttamente, possono entrare negli ecosistemi naturali portando a conseguenze dannose.<\/strong><\/p>\n\n\n\n<ul class=\"wp-block-gallery columns-3 is-cropped\"><li class=\"blocks-gallery-item\"><figure><img loading=\"lazy\" width=\"717\" height=\"1024\" src=\"http:\/\/www.ilgiornaledicarmignano.it\/wp-content\/uploads\/2020\/11\/Locandina-Legambiente-03-717x1024.jpeg\" alt=\"\" data-id=\"2282\" class=\"wp-image-2282\" srcset=\"https:\/\/www.ilgiornaledicarmignano.it\/wp-content\/uploads\/2020\/11\/Locandina-Legambiente-03-717x1024.jpeg 717w, https:\/\/www.ilgiornaledicarmignano.it\/wp-content\/uploads\/2020\/11\/Locandina-Legambiente-03-210x300.jpeg 210w, https:\/\/www.ilgiornaledicarmignano.it\/wp-content\/uploads\/2020\/11\/Locandina-Legambiente-03-768x1097.jpeg 768w, https:\/\/www.ilgiornaledicarmignano.it\/wp-content\/uploads\/2020\/11\/Locandina-Legambiente-03.jpeg 1034w\" sizes=\"(max-width: 717px) 100vw, 717px\" \/><\/figure><\/li><li class=\"blocks-gallery-item\"><figure><img loading=\"lazy\" width=\"717\" height=\"1024\" src=\"http:\/\/www.ilgiornaledicarmignano.it\/wp-content\/uploads\/2020\/11\/Locandina-Legambiente-02-1-717x1024.jpeg\" alt=\"\" data-id=\"2283\" data-link=\"http:\/\/www.ilgiornaledicarmignano.it\/?attachment_id=2283\" class=\"wp-image-2283\" srcset=\"https:\/\/www.ilgiornaledicarmignano.it\/wp-content\/uploads\/2020\/11\/Locandina-Legambiente-02-1-717x1024.jpeg 717w, https:\/\/www.ilgiornaledicarmignano.it\/wp-content\/uploads\/2020\/11\/Locandina-Legambiente-02-1-210x300.jpeg 210w, https:\/\/www.ilgiornaledicarmignano.it\/wp-content\/uploads\/2020\/11\/Locandina-Legambiente-02-1-768x1097.jpeg 768w, https:\/\/www.ilgiornaledicarmignano.it\/wp-content\/uploads\/2020\/11\/Locandina-Legambiente-02-1.jpeg 1034w\" sizes=\"(max-width: 717px) 100vw, 717px\" \/><\/figure><\/li><li class=\"blocks-gallery-item\"><figure><img loading=\"lazy\" width=\"717\" height=\"1024\" src=\"http:\/\/www.ilgiornaledicarmignano.it\/wp-content\/uploads\/2020\/11\/Locandina-Legambiente-01-1-717x1024.jpeg\" alt=\"\" data-id=\"2284\" data-link=\"http:\/\/www.ilgiornaledicarmignano.it\/?attachment_id=2284\" class=\"wp-image-2284\" srcset=\"https:\/\/www.ilgiornaledicarmignano.it\/wp-content\/uploads\/2020\/11\/Locandina-Legambiente-01-1-717x1024.jpeg 717w, https:\/\/www.ilgiornaledicarmignano.it\/wp-content\/uploads\/2020\/11\/Locandina-Legambiente-01-1-210x300.jpeg 210w, https:\/\/www.ilgiornaledicarmignano.it\/wp-content\/uploads\/2020\/11\/Locandina-Legambiente-01-1-768x1097.jpeg 768w, https:\/\/www.ilgiornaledicarmignano.it\/wp-content\/uploads\/2020\/11\/Locandina-Legambiente-01-1.jpeg 1034w\" sizes=\"(max-width: 717px) 100vw, 717px\" \/><\/figure><\/li><\/ul>\n\n\n\n<p>\u201cLe mascherine e guanti monouso ad uso civile, secondo una stima di Legambiente rappresenterebbero circa lo 0,23% dei rifiuti urbani raccolti in Italia\u201d, spiega <strong>Ilaria Protti, vicepresidente di Legambiente Prato<\/strong>. \u201cIl loro mancato conferimento nella raccolta indifferenziata, seguito spesso dal loro abbandono in strada, comporta un grave problema di gestione ambientale e sanitaria per l\u2019ulteriore contagio che tale rifiuto potrebbe veicolare, per la composizione di materiale non biodegradabile e perch\u00e8 la sua frammentazione pu\u00f2 produrre parti pi\u00f9 piccole che entrano nella catena alimentare animale. Per quanto riguarda infine i mozziconi di sigaretta, essi come confermano i dati del monitoraggio Park Litter &#8211; iniziativa di Legambiente nazionale, rappresentano purtroppo la tipologia di rifiuto pi\u00f9 comunemente riscontrata nei parchi urbani. Nell&#8217;edizione 2020 infatti sul podio dei rifiuti raccolti, i mozziconi di sigaretta si quantificano come il 33% del totale, seguiti al secondo posto da tappi di bottiglia e linguette di lattine che precedono gli innumerevoli frammenti di carta non identificabili. All\u2019appello non manca la plastica: il 6% dei rifiuti totali. Da tutto questo ci dobbiamo difendere, con l\u2019aiuto indispensabile dei cittadini, e a questo \u00e8 destinata la campagna che abbiamo curato in collaborazione con l\u2019assessorato all\u2019ambiente del comune di Carmignano\u201d.<\/p>\n\n\n\n<p>Per questi motivi <strong>il Comune di Carmignano e Legambiente Prato <\/strong>hanno dato il via ad una campagna di sensibilizzazione verso la tutela dell\u2019ambiente, incentrata proprio su questo genere di rifiuti non riciclabili n\u00e9 compostabili: mascherine e mozziconi di sigaretta. \u00a0Una campagna frutto di un indirizzo del consiglio comunale, che ha votato l\u2019ordine del giorno su questo tema. Tre locandine (allegate al presente comunicato) sono state affisse negli esercizi commerciali e nei luoghi pubblici di maggiore frequentazione, come il palazzo comunale e il comando della polizia municipale a Carmignano, la biblioteca a Seano, lo Spazio giovani a Comeana.<\/p>\n\n\n\n<p>\u201cL&#8217;emergenza sanitaria \u00e8 al primo posto nelle nostre azioni quotidiane\u201d, dice <strong>l\u2019assessore all\u2019ambiente Federico Migaldi<\/strong>. \u201cL&#8217;Ambiente \u00e8 il nostro bene comune, tutelarlo vuol dire preoccuparsi anche della nostra salute\u201d. <\/p>\n\n\n\n<p><\/p>\n","protected":false},"excerpt":{"rendered":"<p>In questi mesi, nei quali vige l\u2019obbligo di indossare la mascherina ogni qual volta si esca di casa, questi sono diventati tra i rifiuti maggiormente prodotti. Non essendo riciclabili n\u00e9 compostabili, le mascherine devono essere conferite nel rifiuto residuo, ma ne vengono ritrovate ogni giorno molte disperse nell\u2019ambiente. Durante l\u2019estate i \u201cNonni del verde\u201d, gli &hellip; <a href=\"https:\/\/www.ilgiornaledicarmignano.it\/?p=2278\" class=\"more-link\">Continua la lettura di <span class=\"screen-reader-text\">Comune e Legambiente insieme contro l\u2019abbandono delle mascherine<\/span> <span class=\"meta-nav\">&rarr;<\/span><\/a><\/p>\n","protected":false},"author":1,"featured_media":2279,"comment_status":"closed","ping_status":"open","sticky":false,"template":"","format":"standard","meta":{"ngg_post_thumbnail":0},"categories":[8,28],"tags":[146,2,147,145,62],"_links":{"self":[{"href":"https:\/\/www.ilgiornaledicarmignano.it\/index.php?rest_route=\/wp\/v2\/posts\/2278"}],"collection":[{"href":"https:\/\/www.ilgiornaledicarmignano.it\/index.php?rest_route=\/wp\/v2\/posts"}],"about":[{"href":"https:\/\/www.ilgiornaledicarmignano.it\/index.php?rest_route=\/wp\/v2\/types\/post"}],"author":[{"embeddable":true,"href":"https:\/\/www.ilgiornaledicarmignano.it\/index.php?rest_route=\/wp\/v2\/users\/1"}],"replies":[{"embeddable":true,"href":"https:\/\/www.ilgiornaledicarmignano.it\/index.php?rest_route=%2Fwp%2Fv2%2Fcomments&post=2278"}],"version-history":[{"count":2,"href":"https:\/\/www.ilgiornaledicarmignano.it\/index.php?rest_route=\/wp\/v2\/posts\/2278\/revisions"}],"predecessor-version":[{"id":2286,"href":"https:\/\/www.ilgiornaledicarmignano.it\/index.php?rest_route=\/wp\/v2\/posts\/2278\/revisions\/2286"}],"wp:featuredmedia":[{"embeddable":true,"href":"https:\/\/www.ilgiornaledicarmignano.it\/index.php?rest_route=\/wp\/v2\/media\/2279"}],"wp:attachment":[{"href":"https:\/\/www.ilgiornaledicarmignano.it\/index.php?rest_route=%2Fwp%2Fv2%2Fmedia&parent=2278"}],"wp:term":[{"taxonomy":"category","embeddable":true,"href":"https:\/\/www.ilgiornaledicarmignano.it\/index.php?rest_route=%2Fwp%2Fv2%2Fcategories&post=2278"},{"taxonomy":"post_tag","embeddable":true,"href":"https:\/\/www.ilgiornaledicarmignano.it\/index.php?rest_route=%2Fwp%2Fv2%2Ftags&post=2278"}],"curies":[{"name":"wp","href":"https:\/\/api.w.org\/{rel}","templated":true}]}}