{"id":226,"date":"2018-11-09T11:01:57","date_gmt":"2018-11-09T10:01:57","guid":{"rendered":"http:\/\/www.ilgiornaledicarmignano.it\/?p=226"},"modified":"2018-11-20T11:04:10","modified_gmt":"2018-11-20T10:04:10","slug":"comeana-approvato-dalla-giunta-il-progetto-per-il-rifacimento-di-alcune-strade-e-marciapiedi","status":"publish","type":"post","link":"https:\/\/www.ilgiornaledicarmignano.it\/?p=226","title":{"rendered":"Comeana, approvato dalla giunta il progetto per il rifacimento di alcune strade e marciapiedi"},"content":{"rendered":"<p>Rifacimento dell&#8217;asfalto e di tratti di marciapiedi in alcune vie di Comeana particolarmente trafficate, potenziamento dell&#8217;illuminazione pubblica e realizzazione di rampe di accesso per consentire il transito di persone diversamente abili. E\u2019 quanto prevede il progetto, approvato dalla giunta, per la\u00a0<strong>realizzazione di una serie di opere di manutenzione straordinaria di un tratto di via Macia e altre strade limitrofe nella frazione di Comeana. Interventi volti a migliorare la viabilit\u00e0 e accrescere la sicurezza della circolazione veicolare e pedonale<\/strong>\u00a0lungo queste arterie molto transitate.<\/p>\n<p><strong>Il costo totale dei lavori ammonta a circa 124mila euro<\/strong>, entro la fine dell\u2019anno partir\u00e0 il procedimento di gara per l\u2019affidamento degli interventi.<\/p>\n<p><strong>Le zone interessate ai lavori sono via Macia<\/strong> (circa 500 metri) nel tratto che parte dall\u2019incrocio con via Mazzoni fino a via Poggiorsoli;\u00a0<strong>via Ludwig van Beethoven <\/strong>(circa 40 metri)<strong> e l\u2019area della nuova rotatoria<\/strong>\u00a0realizzata nel 2017 dal Comune su via Tasso, all\u2019incrocio con via Machiavelli e via Mazzoni.<\/p>\n<p>&#8220;Continuano le operazioni di asfaltatura e riqualificazione di tutta la frazione di Comeana &#8211; ha spiegato <strong>l&#8217;assessore ai Lavori Pubblici Stefano Ceccarelli\u00a0<\/strong>-, opere rese necessarie per accrescere la sicurezza di tutti, pedoni e veicoli. In particolare interverremo su via Macia, una strada storica comeanese, via che non \u00e8 stata interessata dagli interventi che Publiacqua sta eseguendo per il collettamento degli scarichi fognari di Comeana all&#8217;impianto di San Colombano, e in alcune strade limitrofe. Vie che verranno dunque riasfaltate, cos\u00ec come saranno ripristinati i marciapiedi ormai deteriorati, e verranno poste opere propedeutiche per incrementare ulteriormente l&#8217;illuminazione. Si proceder\u00e0 poi con la realizzazione di rampe cos\u00ec consentire a tutti di poter transitare nella maniera pi\u00f9 sicura possibile. Una serie di operazioni che andranno a beneficio dell&#8217;intera zona&#8221;.<\/p>\n<p>Per quanto riguarda gli interventi sulla sede stradale, \u00e8 previsto il\u00a0<strong>rifacimento della pavimentazione <\/strong>mediante la fresatura di quella esistente deteriorata, la realizzazione del tappeto d&#8217;usura e la sua successiva asfaltatura. Seguir\u00e0 poi il rifacimento della segnaletica orizzontale.\u00a0<strong>In via Macia verranno sistemati alcuni tratti di marciapiedi deteriorat<\/strong>i: nello specifico saranno sostituiti gli attuali cordonati e zanelle con cordonati nuovi, l&#8217;intervento verr\u00e0 poi completato con il rifacimento del sovrastante tappeto di usura e la realizzazione di rampe di accesso idonee al transito di persone diversamente abili. Sempre\u00a0<strong>in via Macia verranno eseguiti lavori propedeutici al potenziamento della pubblica illuminazione<\/strong>, con la posa di nuovi punti luce cos\u00ec da accorciare la distanza tra gli attuali lampioni e interrare la linea elettrica attualmente aerea.<\/p>\n","protected":false},"excerpt":{"rendered":"<p>Rifacimento dell&#8217;asfalto e di tratti di marciapiedi in alcune vie di Comeana particolarmente trafficate, potenziamento dell&#8217;illuminazione pubblica e realizzazione di rampe di accesso per consentire il transito di persone diversamente abili. E\u2019 quanto prevede il progetto, approvato dalla giunta, per la\u00a0realizzazione di una serie di opere di manutenzione straordinaria di un tratto di via Macia &hellip; <a href=\"https:\/\/www.ilgiornaledicarmignano.it\/?p=226\" class=\"more-link\">Continua la lettura di <span class=\"screen-reader-text\">Comeana, approvato dalla giunta il progetto per il rifacimento di alcune strade e marciapiedi<\/span> <span class=\"meta-nav\">&rarr;<\/span><\/a><\/p>\n","protected":false},"author":8,"featured_media":227,"comment_status":"closed","ping_status":"open","sticky":false,"template":"","format":"standard","meta":{"ngg_post_thumbnail":0},"categories":[9,7],"tags":[2],"_links":{"self":[{"href":"https:\/\/www.ilgiornaledicarmignano.it\/index.php?rest_route=\/wp\/v2\/posts\/226"}],"collection":[{"href":"https:\/\/www.ilgiornaledicarmignano.it\/index.php?rest_route=\/wp\/v2\/posts"}],"about":[{"href":"https:\/\/www.ilgiornaledicarmignano.it\/index.php?rest_route=\/wp\/v2\/types\/post"}],"author":[{"embeddable":true,"href":"https:\/\/www.ilgiornaledicarmignano.it\/index.php?rest_route=\/wp\/v2\/users\/8"}],"replies":[{"embeddable":true,"href":"https:\/\/www.ilgiornaledicarmignano.it\/index.php?rest_route=%2Fwp%2Fv2%2Fcomments&post=226"}],"version-history":[{"count":1,"href":"https:\/\/www.ilgiornaledicarmignano.it\/index.php?rest_route=\/wp\/v2\/posts\/226\/revisions"}],"predecessor-version":[{"id":228,"href":"https:\/\/www.ilgiornaledicarmignano.it\/index.php?rest_route=\/wp\/v2\/posts\/226\/revisions\/228"}],"wp:featuredmedia":[{"embeddable":true,"href":"https:\/\/www.ilgiornaledicarmignano.it\/index.php?rest_route=\/wp\/v2\/media\/227"}],"wp:attachment":[{"href":"https:\/\/www.ilgiornaledicarmignano.it\/index.php?rest_route=%2Fwp%2Fv2%2Fmedia&parent=226"}],"wp:term":[{"taxonomy":"category","embeddable":true,"href":"https:\/\/www.ilgiornaledicarmignano.it\/index.php?rest_route=%2Fwp%2Fv2%2Fcategories&post=226"},{"taxonomy":"post_tag","embeddable":true,"href":"https:\/\/www.ilgiornaledicarmignano.it\/index.php?rest_route=%2Fwp%2Fv2%2Ftags&post=226"}],"curies":[{"name":"wp","href":"https:\/\/api.w.org\/{rel}","templated":true}]}}