{"id":2257,"date":"2020-09-24T10:28:00","date_gmt":"2020-09-24T08:28:00","guid":{"rendered":"http:\/\/www.ilgiornaledicarmignano.it\/?p=2257"},"modified":"2020-09-24T10:28:00","modified_gmt":"2020-09-24T08:28:00","slug":"a-carmignano-arriva-il-bee-day","status":"publish","type":"post","link":"https:\/\/www.ilgiornaledicarmignano.it\/?p=2257","title":{"rendered":"A Carmignano arriva il Bee Day"},"content":{"rendered":"\n<p class=\"has-drop-cap\">Questa domenica 27 settembre, alla Pista Rossa di Seano, si terr\u00e0 una giornata dedicata alla conoscenza e sensibilizzazione verso le api e la loro salvaguardia. Dalle 15 alle 20 sar\u00e0 allestita una mostra mercato con gli apicoltori del territorio, attorno alla quale si susseguiranno attivit\u00e0 per bambini e adulti, che spaziano dai laboratori didattici per bambini alle degustazioni di miele, dalle performance teatrali al convegno sui benefici dei prodotti dell\u2019alveare.<\/p>\n\n\n\n<p>Durante tutta la giornata sar\u00e0 possibile <strong>firmare la petizione dei cittadini europei \u201cSalviamo api e agricoltori\u201d<\/strong>, che con  un\u2019alleanza di oltre 140 organizzazioni ed ONG ambientaliste, punta alla promozione  di un\u2019agricoltura favore alle api. Maggiori dettagli a riguardo:  https:\/\/www.savebeesandfarmers.eu\/eng\/?fbclid=IwAR0HUUHHEDnHcw7ZHXCBW86J8f8bDnzOH-0MxyiXFC69tO0wdt3SuqEPXII<br> <\/p>\n\n\n\n<p>Il Comune di Carmignano, tra i primi comuni in Toscana ad\nessere libero dai pesticidi, \u00e8 da tempo impegnato nella salvaguardia dell\u2019ambiente\ned il sindaco Edoardo Prestanti lo scorso anno \u00e8 stato premiato con il \u201cLombrico\nd\u2019oro\u201d: un riconoscimento per i sindaci che pi\u00f9 si sono distinti per le azioni\nin difesa dell\u2019ambiente e della salute dei comuni da loro amministrati.<\/p>\n\n\n\n<p><strong>Questo il programma del Bee Day, 27 settembre ore 15-20.<\/strong><\/p>\n\n\n\n<p><strong>PER GLI ADULTI:<\/strong><\/p>\n\n\n\n<ul><li>Alle ore 16 e alle ore 17.30: Esibizione \u201cAlveus\u201d, espressioni artistiche e concrete azioni di cittadinanza attiva, a cura di Generation Europe.<\/li><li>Alle ore 16.30: Convegno di apiterapia con il naturopata Michele Buffa.<\/li><\/ul>\n\n\n\n<p><strong>PER I BAMBINI:<\/strong><\/p>\n\n\n\n<ul><li>Alle ore 16 e alle ore 19: Laboratorio ludico per bambini \u201cCostruiamo insieme: ogni celletta \u00e8 importante!\u201d, a cura di Elisabetta Nunziati, pittrice  botanica acquerellista.<\/li><li>Alle ore 17: laboratorio per bambini dai 4 ai 7 anni \u201cIl giardino delle api\u201d a cura della biblioteca comunale.<\/li><\/ul>\n\n\n\n<p><strong>PER TUTTI:<\/strong><\/p>\n\n\n\n<ul><li>Dalle 15 alle 20: mostra mercato con apicoltori del territorio.<\/li><li>Dalle 16 alle 16.30 e dalle 18.15 alle 18.45: degustazioni di mieli (su prenotazione telefonando al 338.9209376).<\/li><li>Alle 16.30 e alle 18: smielatura in diretta.<\/li><\/ul>\n","protected":false},"excerpt":{"rendered":"<p>Questa domenica 27 settembre, alla Pista Rossa di Seano, si terr\u00e0 una giornata dedicata alla conoscenza e sensibilizzazione verso le api e la loro salvaguardia. Dalle 15 alle 20 sar\u00e0 allestita una mostra mercato con gli apicoltori del territorio, attorno alla quale si susseguiranno attivit\u00e0 per bambini e adulti, che spaziano dai laboratori didattici per &hellip; <a href=\"https:\/\/www.ilgiornaledicarmignano.it\/?p=2257\" class=\"more-link\">Continua la lettura di <span class=\"screen-reader-text\">A Carmignano arriva il Bee Day<\/span> <span class=\"meta-nav\">&rarr;<\/span><\/a><\/p>\n","protected":false},"author":8,"featured_media":2258,"comment_status":"closed","ping_status":"open","sticky":false,"template":"","format":"standard","meta":{"ngg_post_thumbnail":0},"categories":[8],"tags":[117,115,116,118,2,123,121,120,124],"_links":{"self":[{"href":"https:\/\/www.ilgiornaledicarmignano.it\/index.php?rest_route=\/wp\/v2\/posts\/2257"}],"collection":[{"href":"https:\/\/www.ilgiornaledicarmignano.it\/index.php?rest_route=\/wp\/v2\/posts"}],"about":[{"href":"https:\/\/www.ilgiornaledicarmignano.it\/index.php?rest_route=\/wp\/v2\/types\/post"}],"author":[{"embeddable":true,"href":"https:\/\/www.ilgiornaledicarmignano.it\/index.php?rest_route=\/wp\/v2\/users\/8"}],"replies":[{"embeddable":true,"href":"https:\/\/www.ilgiornaledicarmignano.it\/index.php?rest_route=%2Fwp%2Fv2%2Fcomments&post=2257"}],"version-history":[{"count":1,"href":"https:\/\/www.ilgiornaledicarmignano.it\/index.php?rest_route=\/wp\/v2\/posts\/2257\/revisions"}],"predecessor-version":[{"id":2259,"href":"https:\/\/www.ilgiornaledicarmignano.it\/index.php?rest_route=\/wp\/v2\/posts\/2257\/revisions\/2259"}],"wp:featuredmedia":[{"embeddable":true,"href":"https:\/\/www.ilgiornaledicarmignano.it\/index.php?rest_route=\/wp\/v2\/media\/2258"}],"wp:attachment":[{"href":"https:\/\/www.ilgiornaledicarmignano.it\/index.php?rest_route=%2Fwp%2Fv2%2Fmedia&parent=2257"}],"wp:term":[{"taxonomy":"category","embeddable":true,"href":"https:\/\/www.ilgiornaledicarmignano.it\/index.php?rest_route=%2Fwp%2Fv2%2Fcategories&post=2257"},{"taxonomy":"post_tag","embeddable":true,"href":"https:\/\/www.ilgiornaledicarmignano.it\/index.php?rest_route=%2Fwp%2Fv2%2Ftags&post=2257"}],"curies":[{"name":"wp","href":"https:\/\/api.w.org\/{rel}","templated":true}]}}