{"id":2196,"date":"2020-06-30T09:41:45","date_gmt":"2020-06-30T07:41:45","guid":{"rendered":"http:\/\/www.ilgiornaledicarmignano.it\/?p=2196"},"modified":"2020-08-27T16:39:39","modified_gmt":"2020-08-27T14:39:39","slug":"piazze-dei-cittadini-arriva-la-pedonalizzazione-estiva","status":"publish","type":"post","link":"https:\/\/www.ilgiornaledicarmignano.it\/?p=2196","title":{"rendered":"Piazze dei cittadini: arriva la pedonalizzazione estiva"},"content":{"rendered":"\n<p class=\"has-drop-cap\">Il Comune di Carmignano ha deliberato di istituire in via temporanea e sperimentale, <strong>quattro aree pedonali urbane a Carmignano, Seano e Comeana, nei fine settimana tra il 3 luglio e il 6 settembre. <\/strong>L\u2019obiettivo della misura \u00e8 quello di sostenere la ripartenza dopo il periodo di lockdown, autorizzando la concessione di suolo pubblico a favore degli esercizi pubblici ed agevolando cos\u00ec le possibilit\u00e0 di fruizione dei luoghi pubblici da parte della cittadinanza. Dopo gli investimenti delle scorse settimane per sostenere imprese, commercio e famiglie, adesso il Comune si dedica ai cittadini restituendo valore alla socialit\u00e0.<\/p>\n\n\n\n<p>Nello specifico, saranno rese pedonali le seguenti piazze:<\/p>\n\n\n\n<ul><li><strong>Piazza Vittorio Emanuele II<\/strong> (Carmignano): dal venerd\u00ec alla domenica dalle 20.30 alle 24;<\/li><li><strong>Piazza G. Matteotti<\/strong> (Carmignano): dal venerd\u00ec alla domenica dalle 20.30 alle 24;<\/li><li><strong>Piazza IV Novembre<\/strong> (Seano): dal venerd\u00ec alla domenica dalle 19.30 alle 24;<\/li><li><strong>Piazza Cesare Battisti<\/strong> (Comeana): dal venerd\u00ec alla domenica dalle 19.30 alle 24.<\/li><\/ul>\n\n\n\n<p>\u201cSta cominciando un\u2019estate particolare, diversa dalle ultime che abbiamo vissuto\u201d, afferma <strong>il sindaco Edoardo Prestanti.<\/strong> \u201cL\u2019emergenza Covid-19 ha portato all\u2019annullamento di alcune consuete iniziative estive, che erano solite caratterizzare i nostri luoghi pubblici durante l\u2019estate, ma nonostante questo ci siamo impegnati per mettere in piedi un calendario di eventi che potessero svolgersi con le modalit\u00e0 imposte dalla normativa attuale. Vogliamo per\u00f2 dare anche agli esercenti, alle associazioni, a tutta la cittadinanza la possibilit\u00e0 di riprendersi quegli spazi e quei momenti di socialit\u00e0 che a lungo sono stati limitati. Per questo abbiamo scelto di pedonalizzare le piazze nelle sere del fine settimana. Ora lanciamo l\u2019invito: rendiamole vive insieme!\u201d.<\/p>\n","protected":false},"excerpt":{"rendered":"<p>Il Comune di Carmignano ha deliberato di istituire in via temporanea e sperimentale, quattro aree pedonali urbane a Carmignano, Seano e Comeana, nei fine settimana tra il 3 luglio e il 6 settembre. L\u2019obiettivo della misura \u00e8 quello di sostenere la ripartenza dopo il periodo di lockdown, autorizzando la concessione di suolo pubblico a favore &hellip; <a href=\"https:\/\/www.ilgiornaledicarmignano.it\/?p=2196\" class=\"more-link\">Continua la lettura di <span class=\"screen-reader-text\">Piazze dei cittadini: arriva la pedonalizzazione estiva<\/span> <span class=\"meta-nav\">&rarr;<\/span><\/a><\/p>\n","protected":false},"author":1,"featured_media":2197,"comment_status":"closed","ping_status":"open","sticky":false,"template":"","format":"standard","meta":{"ngg_post_thumbnail":0},"categories":[37,12,10,3],"tags":[49,69,74,75,73,68],"_links":{"self":[{"href":"https:\/\/www.ilgiornaledicarmignano.it\/index.php?rest_route=\/wp\/v2\/posts\/2196"}],"collection":[{"href":"https:\/\/www.ilgiornaledicarmignano.it\/index.php?rest_route=\/wp\/v2\/posts"}],"about":[{"href":"https:\/\/www.ilgiornaledicarmignano.it\/index.php?rest_route=\/wp\/v2\/types\/post"}],"author":[{"embeddable":true,"href":"https:\/\/www.ilgiornaledicarmignano.it\/index.php?rest_route=\/wp\/v2\/users\/1"}],"replies":[{"embeddable":true,"href":"https:\/\/www.ilgiornaledicarmignano.it\/index.php?rest_route=%2Fwp%2Fv2%2Fcomments&post=2196"}],"version-history":[{"count":1,"href":"https:\/\/www.ilgiornaledicarmignano.it\/index.php?rest_route=\/wp\/v2\/posts\/2196\/revisions"}],"predecessor-version":[{"id":2198,"href":"https:\/\/www.ilgiornaledicarmignano.it\/index.php?rest_route=\/wp\/v2\/posts\/2196\/revisions\/2198"}],"wp:featuredmedia":[{"embeddable":true,"href":"https:\/\/www.ilgiornaledicarmignano.it\/index.php?rest_route=\/wp\/v2\/media\/2197"}],"wp:attachment":[{"href":"https:\/\/www.ilgiornaledicarmignano.it\/index.php?rest_route=%2Fwp%2Fv2%2Fmedia&parent=2196"}],"wp:term":[{"taxonomy":"category","embeddable":true,"href":"https:\/\/www.ilgiornaledicarmignano.it\/index.php?rest_route=%2Fwp%2Fv2%2Fcategories&post=2196"},{"taxonomy":"post_tag","embeddable":true,"href":"https:\/\/www.ilgiornaledicarmignano.it\/index.php?rest_route=%2Fwp%2Fv2%2Ftags&post=2196"}],"curies":[{"name":"wp","href":"https:\/\/api.w.org\/{rel}","templated":true}]}}