{"id":2193,"date":"2020-06-27T14:30:31","date_gmt":"2020-06-27T12:30:31","guid":{"rendered":"http:\/\/www.ilgiornaledicarmignano.it\/?p=2193"},"modified":"2020-08-27T16:39:17","modified_gmt":"2020-08-27T14:39:17","slug":"in-arrivo-2-nuove-piste-ciclabili-e-un-ponte-sulla-furba","status":"publish","type":"post","link":"https:\/\/www.ilgiornaledicarmignano.it\/?p=2193","title":{"rendered":"In arrivo 2 Nuove piste ciclabili e un ponte sulla furba"},"content":{"rendered":"\n<p class=\"has-drop-cap\">Nella prima met\u00e0 di luglio prenderanno il via i lavori per il secondo ed ultimo lotto della <strong>ciclopista sull\u2019argine del torrente Furba<\/strong>, a Seano. Questo tratto della pista ciclabile partir\u00e0 da via Don Minzoni e si estender\u00e0 fino a raggiungere l\u2019area industriale del Ficarello. Quest\u2019ultimo lotto della ciclabile di Seano permetter\u00e0 di raggiungere il punto del torrente Furba nel quale sorger\u00e0, il prossimo anno, la passerella ciclopedonale che collegher\u00e0 la rete di ciclovie carmignanesi con quelle di Poggio a Caiano. Proprio <strong>in questi giorni sono in corso i saggi sugli argini della Furba, dove il prossimo anno sorger\u00e0 il ponte tra Seano e Poggetto: uno snodo cruciale per la rete della viabilit\u00e0 sostenibile della piana.<\/strong><\/p>\n\n\n\n<p>Sempre nel mese di luglio, partiranno i lavori per la realizzazione della <strong>ciclopista dell\u2019Ombrone<\/strong>, denominata \u201cVia degli Etruschi\u201d, a Comeana. In questo caso il lotto dei lavori sar\u00e0 unico e si estender\u00e0 dal confine con il Comune di Poggio a Caiano, sulla testa dell\u2019argine del torrente, fino al parcheggio di via Montefortini, percorrendo via Lombarda e via Etrusca. <strong>Entrambi i cantieri saranno aperti durante il mese di luglio<\/strong> e nella seconda parte dell\u2019estate sar\u00e0 gi\u00e0 possibile pedalare sui nuovi tratti.<\/p>\n\n\n\n<p>\u201cProcediamo con la realizzazione delle ciclopiste \u2013 afferma <strong>l\u2019assessore all\u2019ambiente Federico Migaldi<\/strong> \u2013 e quest\u2019estate faremo fare un grande passo in avanti alla viabilit\u00e0 lenta del nostro Comune. I collegamenti ciclopedonali diventano sempre pi\u00f9 importanti per consentire una mobilit\u00e0 sostenibile nella piana e la rete del nostro Comune ne costituisce un tassello fondamentale\u201d. <\/p>\n","protected":false},"excerpt":{"rendered":"<p>Nella prima met\u00e0 di luglio prenderanno il via i lavori per il secondo ed ultimo lotto della ciclopista sull\u2019argine del torrente Furba, a Seano. Questo tratto della pista ciclabile partir\u00e0 da via Don Minzoni e si estender\u00e0 fino a raggiungere l\u2019area industriale del Ficarello. Quest\u2019ultimo lotto della ciclabile di Seano permetter\u00e0 di raggiungere il punto &hellip; <a href=\"https:\/\/www.ilgiornaledicarmignano.it\/?p=2193\" class=\"more-link\">Continua la lettura di <span class=\"screen-reader-text\">In arrivo 2 Nuove piste ciclabili e un ponte sulla furba<\/span> <span class=\"meta-nav\">&rarr;<\/span><\/a><\/p>\n","protected":false},"author":1,"featured_media":2194,"comment_status":"closed","ping_status":"open","sticky":false,"template":"","format":"standard","meta":{"ngg_post_thumbnail":0},"categories":[8,22],"tags":[65,66,69,71,67,64,70,72,68],"_links":{"self":[{"href":"https:\/\/www.ilgiornaledicarmignano.it\/index.php?rest_route=\/wp\/v2\/posts\/2193"}],"collection":[{"href":"https:\/\/www.ilgiornaledicarmignano.it\/index.php?rest_route=\/wp\/v2\/posts"}],"about":[{"href":"https:\/\/www.ilgiornaledicarmignano.it\/index.php?rest_route=\/wp\/v2\/types\/post"}],"author":[{"embeddable":true,"href":"https:\/\/www.ilgiornaledicarmignano.it\/index.php?rest_route=\/wp\/v2\/users\/1"}],"replies":[{"embeddable":true,"href":"https:\/\/www.ilgiornaledicarmignano.it\/index.php?rest_route=%2Fwp%2Fv2%2Fcomments&post=2193"}],"version-history":[{"count":1,"href":"https:\/\/www.ilgiornaledicarmignano.it\/index.php?rest_route=\/wp\/v2\/posts\/2193\/revisions"}],"predecessor-version":[{"id":2195,"href":"https:\/\/www.ilgiornaledicarmignano.it\/index.php?rest_route=\/wp\/v2\/posts\/2193\/revisions\/2195"}],"wp:featuredmedia":[{"embeddable":true,"href":"https:\/\/www.ilgiornaledicarmignano.it\/index.php?rest_route=\/wp\/v2\/media\/2194"}],"wp:attachment":[{"href":"https:\/\/www.ilgiornaledicarmignano.it\/index.php?rest_route=%2Fwp%2Fv2%2Fmedia&parent=2193"}],"wp:term":[{"taxonomy":"category","embeddable":true,"href":"https:\/\/www.ilgiornaledicarmignano.it\/index.php?rest_route=%2Fwp%2Fv2%2Fcategories&post=2193"},{"taxonomy":"post_tag","embeddable":true,"href":"https:\/\/www.ilgiornaledicarmignano.it\/index.php?rest_route=%2Fwp%2Fv2%2Ftags&post=2193"}],"curies":[{"name":"wp","href":"https:\/\/api.w.org\/{rel}","templated":true}]}}