{"id":218,"date":"2018-10-31T10:52:50","date_gmt":"2018-10-31T09:52:50","guid":{"rendered":"http:\/\/www.ilgiornaledicarmignano.it\/?p=218"},"modified":"2018-11-20T11:00:11","modified_gmt":"2018-11-20T10:00:11","slug":"celebrazioni-per-il-4-novembre-1918-tutto-il-programma","status":"publish","type":"post","link":"https:\/\/www.ilgiornaledicarmignano.it\/?p=218","title":{"rendered":"Celebrazioni per il 4 novembre 1918, tutto il programma"},"content":{"rendered":"<p>Il 4 novembre ricorre la Giornata delle Forze Armate e dell&#8217;Unit\u00e0 d&#8217;Italia, ma anche il centenario dalla fine della Prima Guerra Mondiale. La data \u00e8 poi stata estesa a tutti i conflitti. <strong><b>Per onorare la memoria e rendere il dovuto omaggio alle giovani vite spente nel campo di battaglia e per celebrare l&#8217;ultimo anno del Centenario della Grande Guerra, Carmignano ha stilato un ricco programma di iniziative<\/b><\/strong> che coinvolgeranno tutta la cittadinanza. Gli incontri sono promossi dal Comune di Carmignano in collaborazione con l\u2019Associazione Combattenti e Reduci sezione di Carmignano e l\u2019Associazione Nazionale Alpini gruppo Poggio a Caiano \u2013 Carmignano.<\/p>\n<p>\u201cParticolare attenzione quest\u2019anno \u00e8 stata posta al centenario della fine della Prima Guerra Mondiale, con un ricco programma di iniziative rivolte a tutta la cittadinanza, rese possibili grazie al supporto dell\u2019Associazione combattenti e reduci e degli Alpini \u2013 ha spiegato <strong><b>l\u2019assessore Francesco Paoletti<\/b><\/strong> -. Tra le attivit\u00e0 proposte, le visite alla storica cappella dei caduti, le conferenze, il concerto del Coro Alpino, la gita agli itinerari della grande guerra, e poi ovviamente la commemorazione ufficiale con la deposizione di corone d\u2019alloro a tutti i cippi presenti nel nostro territorio, nessuna frazione sar\u00e0 dimenticata. Continua poi l\u2019esperienza instaurata con l\u2019Istituto Comprensivo il Pontormo: come sempre saranno infatti coinvolti gli studenti, cos\u00ec da renderli partecipi di ci\u00f2 che \u00e8 accaduto in quel determinato periodo storico nel nostro territorio. Soprattutto in un momento come quello che stiamo attraversando oggi, crediamo ci sia sempre pi\u00f9 bisogno di ricordare il nostro passato e quello che \u00e8 stato\u201d.<\/p>\n<p>La commemorazione ufficiale si terr\u00e0 <strong><b>domenica 11 novembre<\/b><\/strong>. Le celebrazioni, alla presenza delle Autorit\u00e0 e delle Associazioni d\u2019arma, inizieranno alle <strong><b>7.30 con il ritrovo in piazza Vittorio Emanuele II a Carmignano, da dove si partir\u00e0 per tutte le frazioni per deporre le corone ai vari monumenti dei caduti in Guerra.<\/b><\/strong>\u00a0 Questo l\u2019itinerario: ore 8.00 Bacchereto piazza della Chiesa; ore 8.20 Seano piazza San Pietro; ore 9.00 Comeana piazza C. Battisti; ore 9.30 Poggio alla Malva piazza A. Naldi; ore 9.50 Artimino piazza San Carlo. <strong><b>Alle 10.30 a Carmignano<\/b><\/strong>, in piazza Vittorio Emanuele II \u00e8 prevista l\u2019<strong><b>alzabandiera e, a seguire, la sfilata delle rappresentanze <\/b><\/strong>fino alla Chiesa di San Michele, accompagnati dalla Fanfara dei Bersaglieri. Per l\u2019occasione in piazza sar\u00e0 esposto un trattore d\u2019artiglieria TM 48. Alle 11.30 \u00e8 in programma la <strong><b>Santa Messa<\/b><\/strong><strong><b> solenne in suffragio dei caduti<\/b><\/strong> e <strong><b>alle 12.30 la commemorazione ufficiale con la benedizione e deposizione delle corone nella cappella votiva<\/b><\/strong>. Alle 13\u00a0<strong><b>pranzo sociale<\/b><\/strong> rivolto a tutta la popolazione (Per info su costi e dove, contattare l\u2019Associazione Combattenti e Reduci Sez. Carmignano 335 7745619. Prenotazioni entro le 12 di sabato 10 novembre).<\/p>\n<div id='gallery-1' class='gallery galleryid-218 gallery-columns-3 gallery-size-thumbnail'><figure class='gallery-item'>\n\t\t\t<div class='gallery-icon portrait'>\n\t\t\t\t<a href='https:\/\/www.ilgiornaledicarmignano.it\/?attachment_id=224'><img width=\"150\" height=\"150\" src=\"https:\/\/www.ilgiornaledicarmignano.it\/wp-content\/uploads\/2018\/10\/locandina-3-150x150.jpg\" class=\"attachment-thumbnail size-thumbnail\" alt=\"\" loading=\"lazy\" \/><\/a>\n\t\t\t<\/div><\/figure>\n\t\t<\/div>\n\n<p>Il programma delle celebrazioni prevede poi una serie di appuntamenti che si terranno fino al 25 novembre e che vedranno coinvolti, tra gli altri, gli alunni della scuola media dell\u2019Istituto Pontormo. I primi due appuntamenti sono per <strong><b>domenica 4 e domenica 11 novembre<\/b><\/strong> con <strong><b>l\u2019apertura, dalle 15 alle 18, della storica Cappella dei Caduti di Carmignano<\/b><\/strong> (a fianco della chiesa), con visita guidata.<strong>\u00a0<\/strong><\/p>\n<p><strong>Le iniziative proseguono poi <\/strong><strong>marted\u00ec 13 novembre<\/strong><strong> alle 21<\/strong> <strong>nel salone consiliare del Comune di Carmignano con <\/strong><strong>la presentazione del libro di Francesco Venuti<\/strong> <strong>\u201cMemorie di guerra e di prigionia:\u00a0l\u2019internamento dei militari italiani\u00a0attraverso le testimonianze<\/strong><strong>\u201d<\/strong> <em>a cura dell\u2019A.N.C.R. Federazione Prato. Interverranno il sindaco Edoardo Prestanti, il presidente nazionale Combattenti e Reduci Sergio Paolieri<\/em><em>;<\/em> Orlando Materassi, A.N.E.I. Toscana e Luana Collacchioni, docente Universit\u00e0 di Firenze. Sar\u00e0 presente l\u2019autore.<\/p>\n<p><strong>Venerd\u00ec 16 novembre<\/strong><strong> alle 21 nella <\/strong>Chiesa di San Michele Arcangelo a Carmignano da non perdere il <strong>concerto del coro Alpino<\/strong> <strong>\u201cSu Insieme<\/strong><strong>\u201d<\/strong>\u00a0Sez. di Firenze. Prima del concerto, <strong><b>alle 19:30<\/b><\/strong><strong><b>, <\/b><\/strong><strong>Cena\u00a0Alpina nel chiostro<\/strong> offerta dal Gruppo Alpini Poggio a Caiano \u2013 Carmignano.<\/p>\n<p><strong>Luned\u00ec 19 novembre <\/strong><strong>alle 21<\/strong> nella Saletta Museo del Vino a Carmignano appuntamento con la <em><strong><b>conferenza<\/b><\/strong><\/em><strong><b> \u201c<\/b><\/strong><strong>1918 &#8211; La pace provvisoria.<\/strong> <strong>Le principali conseguenze geopolitiche<\/strong>\u201d a <em>cura del Gruppo AttivaMente<strong><b>.<\/b><\/strong><\/em><\/p>\n<p><strong>Un\u2019altra conferenza \u00e8 in programma per <\/strong><strong>gioved\u00ec 22 novembr<\/strong><strong>e alle 21 in sala consiliare: \u201c<\/strong><strong>D\u2019Annunzio, Croce e la Grande Guerra\u201d,<\/strong><strong> questo il titolo dell\u2019incontro curato dal Gruppo d\u2019Incontri il Campano e tenuto dal professor<\/strong> Michele Maggi, ordinario di Storia della filosofia politica all\u2019Universit\u00e0 di Firenze.<\/p>\n<p>Saranno coinvolti come sempre anche gli studenti: <strong><b>l\u2019Istituto Comprensivo \u201cIl Pontormo\u201d parteciper\u00e0 infatti il 12 e il 13 novembre con le classi terze della scuola media, alle visite guidate <\/b><\/strong>alla storica Cappella dei Caduti di Carmignano. Le visite sono curate Riccardo Fortunato dell\u2019Associazione Cime e Trincee.<\/p>\n<p>Tutta la cittadinanza \u00e8 invitata a partecipare alle celebrazioni e ad esporre il tricolore a finestre e balconi.<\/p>\n","protected":false},"excerpt":{"rendered":"<p>Il 4 novembre ricorre la Giornata delle Forze Armate e dell&#8217;Unit\u00e0 d&#8217;Italia, ma anche il centenario dalla fine della Prima Guerra Mondiale. La data \u00e8 poi stata estesa a tutti i conflitti. Per onorare la memoria e rendere il dovuto omaggio alle giovani vite spente nel campo di battaglia e per celebrare l&#8217;ultimo anno del &hellip; <a href=\"https:\/\/www.ilgiornaledicarmignano.it\/?p=218\" class=\"more-link\">Continua la lettura di <span class=\"screen-reader-text\">Celebrazioni per il 4 novembre 1918, tutto il programma<\/span> <span class=\"meta-nav\">&rarr;<\/span><\/a><\/p>\n","protected":false},"author":8,"featured_media":222,"comment_status":"closed","ping_status":"open","sticky":false,"template":"","format":"standard","meta":{"ngg_post_thumbnail":0},"categories":[3,7],"tags":[2],"_links":{"self":[{"href":"https:\/\/www.ilgiornaledicarmignano.it\/index.php?rest_route=\/wp\/v2\/posts\/218"}],"collection":[{"href":"https:\/\/www.ilgiornaledicarmignano.it\/index.php?rest_route=\/wp\/v2\/posts"}],"about":[{"href":"https:\/\/www.ilgiornaledicarmignano.it\/index.php?rest_route=\/wp\/v2\/types\/post"}],"author":[{"embeddable":true,"href":"https:\/\/www.ilgiornaledicarmignano.it\/index.php?rest_route=\/wp\/v2\/users\/8"}],"replies":[{"embeddable":true,"href":"https:\/\/www.ilgiornaledicarmignano.it\/index.php?rest_route=%2Fwp%2Fv2%2Fcomments&post=218"}],"version-history":[{"count":2,"href":"https:\/\/www.ilgiornaledicarmignano.it\/index.php?rest_route=\/wp\/v2\/posts\/218\/revisions"}],"predecessor-version":[{"id":225,"href":"https:\/\/www.ilgiornaledicarmignano.it\/index.php?rest_route=\/wp\/v2\/posts\/218\/revisions\/225"}],"wp:featuredmedia":[{"embeddable":true,"href":"https:\/\/www.ilgiornaledicarmignano.it\/index.php?rest_route=\/wp\/v2\/media\/222"}],"wp:attachment":[{"href":"https:\/\/www.ilgiornaledicarmignano.it\/index.php?rest_route=%2Fwp%2Fv2%2Fmedia&parent=218"}],"wp:term":[{"taxonomy":"category","embeddable":true,"href":"https:\/\/www.ilgiornaledicarmignano.it\/index.php?rest_route=%2Fwp%2Fv2%2Fcategories&post=218"},{"taxonomy":"post_tag","embeddable":true,"href":"https:\/\/www.ilgiornaledicarmignano.it\/index.php?rest_route=%2Fwp%2Fv2%2Ftags&post=218"}],"curies":[{"name":"wp","href":"https:\/\/api.w.org\/{rel}","templated":true}]}}