{"id":2134,"date":"2020-05-28T11:29:41","date_gmt":"2020-05-28T09:29:41","guid":{"rendered":"http:\/\/www.ilgiornaledicarmignano.it\/?p=2134"},"modified":"2020-06-02T11:31:49","modified_gmt":"2020-06-02T09:31:49","slug":"uffici-comunali-chiusi-lunedi-1-giugno","status":"publish","type":"post","link":"https:\/\/www.ilgiornaledicarmignano.it\/?p=2134","title":{"rendered":"Uffici comunali chiusi luned\u00ec 1 giugno"},"content":{"rendered":"\n<p class=\"has-drop-cap\">Luned\u00ec 1 giugno gli Uffici comunali resteranno chiusi. Sar\u00e0 garantito dalle 8 alle 10 il servizio di reperibilit\u00e0 del settore Servizi demografici. La Polizia Municipale in tale giornata svolger\u00e0 la propria attivit\u00e0 lavorativa secondo le modalit\u00e0 stabilite dal responsabile del settore, saranno invece chiusi al pubblico l\u2019ufficio amministrativo e quello del messo comunale.<\/p>\n","protected":false},"excerpt":{"rendered":"<p>Luned\u00ec 1 giugno gli Uffici comunali resteranno chiusi. Sar\u00e0 garantito dalle 8 alle 10 il servizio di reperibilit\u00e0 del settore Servizi demografici. La Polizia Municipale in tale giornata svolger\u00e0 la propria attivit\u00e0 lavorativa secondo le modalit\u00e0 stabilite dal responsabile del settore, saranno invece chiusi al pubblico l\u2019ufficio amministrativo e quello del messo comunale.<\/p>\n","protected":false},"author":8,"featured_media":1132,"comment_status":"closed","ping_status":"open","sticky":false,"template":"","format":"standard","meta":{"ngg_post_thumbnail":0},"categories":[7],"tags":[],"_links":{"self":[{"href":"https:\/\/www.ilgiornaledicarmignano.it\/index.php?rest_route=\/wp\/v2\/posts\/2134"}],"collection":[{"href":"https:\/\/www.ilgiornaledicarmignano.it\/index.php?rest_route=\/wp\/v2\/posts"}],"about":[{"href":"https:\/\/www.ilgiornaledicarmignano.it\/index.php?rest_route=\/wp\/v2\/types\/post"}],"author":[{"embeddable":true,"href":"https:\/\/www.ilgiornaledicarmignano.it\/index.php?rest_route=\/wp\/v2\/users\/8"}],"replies":[{"embeddable":true,"href":"https:\/\/www.ilgiornaledicarmignano.it\/index.php?rest_route=%2Fwp%2Fv2%2Fcomments&post=2134"}],"version-history":[{"count":1,"href":"https:\/\/www.ilgiornaledicarmignano.it\/index.php?rest_route=\/wp\/v2\/posts\/2134\/revisions"}],"predecessor-version":[{"id":2135,"href":"https:\/\/www.ilgiornaledicarmignano.it\/index.php?rest_route=\/wp\/v2\/posts\/2134\/revisions\/2135"}],"wp:featuredmedia":[{"embeddable":true,"href":"https:\/\/www.ilgiornaledicarmignano.it\/index.php?rest_route=\/wp\/v2\/media\/1132"}],"wp:attachment":[{"href":"https:\/\/www.ilgiornaledicarmignano.it\/index.php?rest_route=%2Fwp%2Fv2%2Fmedia&parent=2134"}],"wp:term":[{"taxonomy":"category","embeddable":true,"href":"https:\/\/www.ilgiornaledicarmignano.it\/index.php?rest_route=%2Fwp%2Fv2%2Fcategories&post=2134"},{"taxonomy":"post_tag","embeddable":true,"href":"https:\/\/www.ilgiornaledicarmignano.it\/index.php?rest_route=%2Fwp%2Fv2%2Ftags&post=2134"}],"curies":[{"name":"wp","href":"https:\/\/api.w.org\/{rel}","templated":true}]}}