{"id":211,"date":"2018-11-20T10:12:54","date_gmt":"2018-11-20T09:12:54","guid":{"rendered":"http:\/\/www.ilgiornaledicarmignano.it\/?p=211"},"modified":"2018-11-20T10:29:24","modified_gmt":"2018-11-20T09:29:24","slug":"via-vergheretana-lavori-straordinari-in-notturna","status":"publish","type":"post","link":"https:\/\/www.ilgiornaledicarmignano.it\/?p=211","title":{"rendered":"Via Vergheretana, lavori straordinari in notturna"},"content":{"rendered":"<p>Prenderanno il via oggi, marted\u00ec 20 novembre, i lavori di scavo per la posa di un elettrodotto interrato a bassa tensione a Carmignano. Lavori che interesseranno un tratto di via Vergheretana e che andranno ad occupare necessariamente una semicarreggiata. <strong>Al fine di ridurre al minimo i disagi e per evitare la chiusura completa al traffico di via Vergheretana<\/strong>, essendo la strada interessata molto transitata, vista anche la presenza nelle vicinanze di due plessi scolastici e di una Casa di Riposo per anziani, <strong>gli interventi procederanno per step e verranno eseguiti in orario notturno. <\/strong><\/p>\n<p><strong>I lavori saranno effettuati dunque in orario 17 \u2013 7<\/strong>: inizieranno alle 17 di oggi, marted\u00ec 20 novembre, per proseguire fino alle 7 del 24 novembre. Durante tale periodo la viabilit\u00e0 su via Vergheretana subir\u00e0 alcune modifiche: nello <strong>specifico dalle 17 alle 7 il traffico sar\u00e0 disposto a senso unico alternato tramite l\u2019uso di un semaforo provvisorio<\/strong>, operazione resa necessaria per gestire al meglio gli spazi di scambio all\u2019altezza della strettoia su via Modesti; <strong>dalle 7 alle 17 invece il semaforo verr\u00e0 spento e verr\u00e0 ripristinata la normale circolazione<\/strong>. Durante i lavori, il limite massimo di velocit\u00e0 consentito sul tratto di strada sar\u00e0 di 30 Km\/h.<\/p>\n","protected":false},"excerpt":{"rendered":"<p>Prenderanno il via oggi, marted\u00ec 20 novembre, i lavori di scavo per la posa di un elettrodotto interrato a bassa tensione a Carmignano. Lavori che interesseranno un tratto di via Vergheretana e che andranno ad occupare necessariamente una semicarreggiata. Al fine di ridurre al minimo i disagi e per evitare la chiusura completa al traffico &hellip; <a href=\"https:\/\/www.ilgiornaledicarmignano.it\/?p=211\" class=\"more-link\">Continua la lettura di <span class=\"screen-reader-text\">Via Vergheretana, lavori straordinari in notturna<\/span> <span class=\"meta-nav\">&rarr;<\/span><\/a><\/p>\n","protected":false},"author":8,"featured_media":212,"comment_status":"closed","ping_status":"open","sticky":false,"template":"","format":"standard","meta":{"ngg_post_thumbnail":0},"categories":[9,7],"tags":[],"_links":{"self":[{"href":"https:\/\/www.ilgiornaledicarmignano.it\/index.php?rest_route=\/wp\/v2\/posts\/211"}],"collection":[{"href":"https:\/\/www.ilgiornaledicarmignano.it\/index.php?rest_route=\/wp\/v2\/posts"}],"about":[{"href":"https:\/\/www.ilgiornaledicarmignano.it\/index.php?rest_route=\/wp\/v2\/types\/post"}],"author":[{"embeddable":true,"href":"https:\/\/www.ilgiornaledicarmignano.it\/index.php?rest_route=\/wp\/v2\/users\/8"}],"replies":[{"embeddable":true,"href":"https:\/\/www.ilgiornaledicarmignano.it\/index.php?rest_route=%2Fwp%2Fv2%2Fcomments&post=211"}],"version-history":[{"count":1,"href":"https:\/\/www.ilgiornaledicarmignano.it\/index.php?rest_route=\/wp\/v2\/posts\/211\/revisions"}],"predecessor-version":[{"id":213,"href":"https:\/\/www.ilgiornaledicarmignano.it\/index.php?rest_route=\/wp\/v2\/posts\/211\/revisions\/213"}],"wp:featuredmedia":[{"embeddable":true,"href":"https:\/\/www.ilgiornaledicarmignano.it\/index.php?rest_route=\/wp\/v2\/media\/212"}],"wp:attachment":[{"href":"https:\/\/www.ilgiornaledicarmignano.it\/index.php?rest_route=%2Fwp%2Fv2%2Fmedia&parent=211"}],"wp:term":[{"taxonomy":"category","embeddable":true,"href":"https:\/\/www.ilgiornaledicarmignano.it\/index.php?rest_route=%2Fwp%2Fv2%2Fcategories&post=211"},{"taxonomy":"post_tag","embeddable":true,"href":"https:\/\/www.ilgiornaledicarmignano.it\/index.php?rest_route=%2Fwp%2Fv2%2Ftags&post=211"}],"curies":[{"name":"wp","href":"https:\/\/api.w.org\/{rel}","templated":true}]}}