{"id":203,"date":"2018-11-20T10:08:47","date_gmt":"2018-11-20T09:08:47","guid":{"rendered":"http:\/\/www.ilgiornaledicarmignano.it\/?p=203"},"modified":"2018-11-20T10:30:59","modified_gmt":"2018-11-20T09:30:59","slug":"giornata-internazionale-per-leliminazione-della-violenza-contro-le-donne-a-carmignano-in-scena-lo-spettacolo-le-zie","status":"publish","type":"post","link":"https:\/\/www.ilgiornaledicarmignano.it\/?p=203","title":{"rendered":"Giornata internazionale per l\u2019eliminazione della violenza contro le donne, a Carmignano in scena lo spettacolo \u201cLe Zie\u201d"},"content":{"rendered":"<p>Uno spettacolo teatrale per riflettere sul ruolo e sul valore delle donne. E\u2019 quanto propone l\u2019assessorato alle Pari Opportunit\u00e0 del Comune di Carmignano in occasione della Giornata Internazionale per l\u2019eliminazione della violenza contro le donne, istituita nel 1999 dall\u2019Assemblea generali delle nazioni Unite.<\/p>\n<p>L\u2019appuntamento \u00e8 per <strong>sabato 24 novembre a partire dalle 21 nella sala consiliare del Comune di Carmignano<\/strong> con \u201c<strong>Le Zie\u201d<\/strong>, spettacolo teatrale di Laura Sicignano, per la regia di Riccardo Giannini, che racconta la storia delle quattro figlie del sovrano Luigi XV, nate al posto del tanto desiderato e atteso erede al trono, messe in disparte e dimenticate da tutti. La <strong>rappresentazione teatrale, a ingresso libero e gratuito<\/strong>, sar\u00e0 preceduta da un momento di ascolto e riflessione curato da rappresentanti del Centro Antiviolenza La Nara. Centro che, lo ricordiamo, dal 2014 cura a Carmignano uno sportello di ascolto e orientamento contro la violenza alle donne, attivo il primo e il terzo mercoled\u00ec del mese.<\/p>\n<p>\u201cLa scelta di proporre uno spettacolo come Le Zie in occasione della giornata internazionale contro la violenza sulle donne, \u00e8 dettata dalla volont\u00e0 di evidenziare come la deviazione culturale che porta al femminicidio si perda nella notte dei tempi \u2013 spiega <strong>l\u2019assessore alle Pari Opportunit\u00e0 Stella Spinelli -. La condizione femminile qui rappresentata \u00e8 quella delle giovani sorelle dell\u2019ultimo re di Francia, prigioniere in una gabbia dorata senza scelta n\u00e9 identit\u00e0: semplici soprammobili. Il nostro auspicio \u00e8 che quindi si stimoli una riflessione profonda e strutturata, unica arma contro un male vecchio di secoli\u201d<\/strong><\/p>\n<p>\u201cLe Zie\u201d sono quattro diaboliche nobildonne vissute alla corte di Versailles che, dimenticate dalla storia, si vendicano dell\u2019oblio del tempo e tornano con prepotenza alla ribalta per raccontare la loro verit\u00e0, che parla di intrighi, gelosie e lotte di potere al tramonto del regno di Luigi XV. Le \u201czie\u201d, sputano il loro velenoso rancore nei confronti della favorita del re, Madame Du Barry, recitando splendori e miserie della bella cortigiana. Su di loro incombe implacabile l\u2019ombra della Rivoluzione. Come \u00e8 stata definita dalla stessa Sicignano, \u201cE\u2019 una storia tragicomica dove c\u2019\u00e8 malvagit\u00e0 e perfidia. E\u2019 lo spaccato di un\u2019epoca, un Settecento decadente e di facciata, apparentemente razionale, dietro cui si nascondono i mostri\u201d. Ambiguit\u00e0 e mistero anche nell\u2019interpretazione registica di Riccardo Giannini, che non delinea mai il confine tra finzione e realt\u00e0.<\/p>\n<div id='gallery-1' class='gallery galleryid-203 gallery-columns-3 gallery-size-thumbnail'><figure class='gallery-item'>\n\t\t\t<div class='gallery-icon landscape'>\n\t\t\t\t<a href='https:\/\/www.ilgiornaledicarmignano.it\/?attachment_id=207'><img width=\"150\" height=\"150\" src=\"https:\/\/www.ilgiornaledicarmignano.it\/wp-content\/uploads\/2018\/11\/giornata-violenza-150x150.jpg\" class=\"attachment-thumbnail size-thumbnail\" alt=\"\" loading=\"lazy\" \/><\/a>\n\t\t\t<\/div><\/figure><figure class='gallery-item'>\n\t\t\t<div class='gallery-icon portrait'>\n\t\t\t\t<a href='https:\/\/www.ilgiornaledicarmignano.it\/?attachment_id=204'><img width=\"150\" height=\"150\" src=\"https:\/\/www.ilgiornaledicarmignano.it\/wp-content\/uploads\/2018\/11\/Locandina_LeZie-150x150.jpg\" class=\"attachment-thumbnail size-thumbnail\" alt=\"\" loading=\"lazy\" \/><\/a>\n\t\t\t<\/div><\/figure>\n\t\t<\/div>\n\n","protected":false},"excerpt":{"rendered":"<p>Uno spettacolo teatrale per riflettere sul ruolo e sul valore delle donne. E\u2019 quanto propone l\u2019assessorato alle Pari Opportunit\u00e0 del Comune di Carmignano in occasione della Giornata Internazionale per l\u2019eliminazione della violenza contro le donne, istituita nel 1999 dall\u2019Assemblea generali delle nazioni Unite. L\u2019appuntamento \u00e8 per sabato 24 novembre a partire dalle 21 nella sala &hellip; <a href=\"https:\/\/www.ilgiornaledicarmignano.it\/?p=203\" class=\"more-link\">Continua la lettura di <span class=\"screen-reader-text\">Giornata internazionale per l\u2019eliminazione della violenza contro le donne, a Carmignano in scena lo spettacolo \u201cLe Zie\u201d<\/span> <span class=\"meta-nav\">&rarr;<\/span><\/a><\/p>\n","protected":false},"author":8,"featured_media":206,"comment_status":"closed","ping_status":"open","sticky":false,"template":"","format":"standard","meta":{"ngg_post_thumbnail":0},"categories":[12,3,7],"tags":[2],"_links":{"self":[{"href":"https:\/\/www.ilgiornaledicarmignano.it\/index.php?rest_route=\/wp\/v2\/posts\/203"}],"collection":[{"href":"https:\/\/www.ilgiornaledicarmignano.it\/index.php?rest_route=\/wp\/v2\/posts"}],"about":[{"href":"https:\/\/www.ilgiornaledicarmignano.it\/index.php?rest_route=\/wp\/v2\/types\/post"}],"author":[{"embeddable":true,"href":"https:\/\/www.ilgiornaledicarmignano.it\/index.php?rest_route=\/wp\/v2\/users\/8"}],"replies":[{"embeddable":true,"href":"https:\/\/www.ilgiornaledicarmignano.it\/index.php?rest_route=%2Fwp%2Fv2%2Fcomments&post=203"}],"version-history":[{"count":4,"href":"https:\/\/www.ilgiornaledicarmignano.it\/index.php?rest_route=\/wp\/v2\/posts\/203\/revisions"}],"predecessor-version":[{"id":210,"href":"https:\/\/www.ilgiornaledicarmignano.it\/index.php?rest_route=\/wp\/v2\/posts\/203\/revisions\/210"}],"wp:featuredmedia":[{"embeddable":true,"href":"https:\/\/www.ilgiornaledicarmignano.it\/index.php?rest_route=\/wp\/v2\/media\/206"}],"wp:attachment":[{"href":"https:\/\/www.ilgiornaledicarmignano.it\/index.php?rest_route=%2Fwp%2Fv2%2Fmedia&parent=203"}],"wp:term":[{"taxonomy":"category","embeddable":true,"href":"https:\/\/www.ilgiornaledicarmignano.it\/index.php?rest_route=%2Fwp%2Fv2%2Fcategories&post=203"},{"taxonomy":"post_tag","embeddable":true,"href":"https:\/\/www.ilgiornaledicarmignano.it\/index.php?rest_route=%2Fwp%2Fv2%2Ftags&post=203"}],"curies":[{"name":"wp","href":"https:\/\/api.w.org\/{rel}","templated":true}]}}