{"id":191,"date":"2018-11-20T09:58:16","date_gmt":"2018-11-20T08:58:16","guid":{"rendered":"http:\/\/www.ilgiornaledicarmignano.it\/?p=191"},"modified":"2018-11-20T10:29:52","modified_gmt":"2018-11-20T09:29:52","slug":"ambiente-al-via-la-rimozione-e-lo-smaltimento-dei-rifiuti-abbandonati-sul-montalbano","status":"publish","type":"post","link":"https:\/\/www.ilgiornaledicarmignano.it\/?p=191","title":{"rendered":"Ambiente, al via la rimozione e lo smaltimento dei rifiuti abbandonati sul Montalbano"},"content":{"rendered":"<p>Hanno preso il via gli interventi per la\u00a0<strong>rimozione dei rifiuti e la bonifica dei manufatti in cemento amianto presenti in un&#8217;area in localit\u00e0 Pinone sul Montalbano<\/strong>. Si tratta della pi\u00f9 grande bonifica ambientale eseguita nel Comune di Carmignano negli ultimi venti anni, che porter\u00e0 alla completa pulizia della zona, per tanti anni punto di riferimento per carmignanesi e non solo, poi deturpata per grande incivilt\u00e0 e illegalit\u00e0.<\/p>\n<p>Pneumatici, tubi, lastre di eternit, ma anche rifiuti in plastica, legno e detriti derivanti da attivit\u00e0 edili. Pezzi di cartongesso, RAEE, sacchi neri contenenti scarti tessili, materassi e addirittura una vecchia auto abbandonata. Lo spettacolo che nel corso del tempo si \u00e8 creato non \u00e8 assolutamente dei migliori.<\/p>\n<p>\u201cProsegue il percorso dell\u2019amministrazione comunale nella bonifica e cura del nostro territorio, in particolar modo in questo caso delle aree boschive, che sono quelle pi\u00f9 di tutte sottoposte a tali fenomeni di incivilt\u00e0 \u2013 ha spiegato il <strong>sindaco Edoardo Prestanti<\/strong> -. Interventi volti a migliorare la qualit\u00e0 del nostro territorio verde, la propria salubrit\u00e0 e la sua attrattivit\u00e0 turistica, dal momento che questo sversamento illecito di rifiuti di ogni genere \u00e8 stato effettuato in un\u2019area turisticamente importante. Auspico che tale intervento sia da stimolo per un nuovo inizio e per la rinascita di una zona che storicamente aveva rivestivo un\u2019importanza notevole per il nostro territorio e per tutto il Montalbano, ma che negli ultimi quindici anni \u00e8 stata abbandonata\u201d.<\/p>\n<p>\u201cGli autori di questi atti sono persone assolutamente incivili che per risparmiare i soldi di un corretto smaltimento non esitano a inquinare e creare degrado, che si ripercuote sulla salute di tutti \u2013 ha aggiunto il <strong>vicesindaco e assessore all\u2019Ambiente<\/strong> <strong>Federico Migaldi<\/strong> -. Speriamo che questo sia un nuovo inizio per quel posto&#8221;.<\/p>\n<p><strong>Un problema non recente<\/strong>: l&#8217;area interessata \u00e8 quella limitrofa all&#8217;ex albergo e ristorante Montalbano, situato nell&#8217;omonimo crinale tra Castra e Carmignano, con panorama mozzafiato su tutta la Piana. Un tempo era un punto di riferimento per chi voleva godersi un po&#8217; di fresco e ammirare una vista magnifica, ma dopo la chiusura del locale l&#8217;area si \u00e8 trasformata col tempo in una discarica a cielo aperto. Una situazione di degrado che \u00e8 stata pi\u00f9 volte segnalata dall&#8217;Amministrazione Comunale. Nel marzo del 2017 il Gruppo Carabinieri Forestale ha eseguito un accertamento, verificando la presenza di rifiuti di varia tipologia e natura. Dagli accertamenti non \u00e8 stato possibile risalire agli autori dei depositi dei rifiuti e, non essendo imputabile ai proprietari la violazione del Codice Ambientale in quanto mancano le condizioni di dolo o colpa, spetta al Comune di Carmignano provvedere alla pulizia dell&#8217;intera area.<\/p>\n<p>E cos\u00ec da oggi Programma Ambiente \u00e8 a lavoro per rimuovere i manufatti in amianto e bonificare l\u2019area, seguir\u00e0 poi la rimozione del resto dei rifiuti.<\/p>\n<div id='gallery-1' class='gallery galleryid-191 gallery-columns-3 gallery-size-thumbnail'><figure class='gallery-item'>\n\t\t\t<div class='gallery-icon landscape'>\n\t\t\t\t<a href='https:\/\/www.ilgiornaledicarmignano.it\/?attachment_id=193'><img width=\"150\" height=\"150\" src=\"https:\/\/www.ilgiornaledicarmignano.it\/wp-content\/uploads\/2018\/11\/discarica-3-150x150.jpg\" class=\"attachment-thumbnail size-thumbnail\" alt=\"\" loading=\"lazy\" \/><\/a>\n\t\t\t<\/div><\/figure><figure class='gallery-item'>\n\t\t\t<div class='gallery-icon landscape'>\n\t\t\t\t<a href='https:\/\/www.ilgiornaledicarmignano.it\/?attachment_id=194'><img width=\"150\" height=\"150\" src=\"https:\/\/www.ilgiornaledicarmignano.it\/wp-content\/uploads\/2018\/11\/discarica-4-150x150.jpg\" class=\"attachment-thumbnail size-thumbnail\" alt=\"\" loading=\"lazy\" \/><\/a>\n\t\t\t<\/div><\/figure><figure class='gallery-item'>\n\t\t\t<div class='gallery-icon landscape'>\n\t\t\t\t<a href='https:\/\/www.ilgiornaledicarmignano.it\/?attachment_id=195'><img width=\"150\" height=\"150\" src=\"https:\/\/www.ilgiornaledicarmignano.it\/wp-content\/uploads\/2018\/11\/IMG_20171201_104117-150x150.jpg\" class=\"attachment-thumbnail size-thumbnail\" alt=\"\" loading=\"lazy\" \/><\/a>\n\t\t\t<\/div><\/figure><figure class='gallery-item'>\n\t\t\t<div class='gallery-icon landscape'>\n\t\t\t\t<a href='https:\/\/www.ilgiornaledicarmignano.it\/?attachment_id=196'><img width=\"150\" height=\"150\" src=\"https:\/\/www.ilgiornaledicarmignano.it\/wp-content\/uploads\/2018\/11\/IMG_20171201_104127-150x150.jpg\" class=\"attachment-thumbnail size-thumbnail\" alt=\"\" loading=\"lazy\" \/><\/a>\n\t\t\t<\/div><\/figure><figure class='gallery-item'>\n\t\t\t<div class='gallery-icon landscape'>\n\t\t\t\t<a href='https:\/\/www.ilgiornaledicarmignano.it\/?attachment_id=197'><img width=\"150\" height=\"150\" src=\"https:\/\/www.ilgiornaledicarmignano.it\/wp-content\/uploads\/2018\/11\/prestanti-migaldi-150x150.jpg\" class=\"attachment-thumbnail size-thumbnail\" alt=\"\" loading=\"lazy\" \/><\/a>\n\t\t\t<\/div><\/figure><figure class='gallery-item'>\n\t\t\t<div class='gallery-icon landscape'>\n\t\t\t\t<a href='https:\/\/www.ilgiornaledicarmignano.it\/?attachment_id=198'><img width=\"150\" height=\"150\" src=\"https:\/\/www.ilgiornaledicarmignano.it\/wp-content\/uploads\/2018\/11\/sopralluogo-migaldi-150x150.jpg\" class=\"attachment-thumbnail size-thumbnail\" alt=\"\" loading=\"lazy\" \/><\/a>\n\t\t\t<\/div><\/figure><figure class='gallery-item'>\n\t\t\t<div class='gallery-icon landscape'>\n\t\t\t\t<a href='https:\/\/www.ilgiornaledicarmignano.it\/?attachment_id=199'><img width=\"150\" height=\"150\" src=\"https:\/\/www.ilgiornaledicarmignano.it\/wp-content\/uploads\/2018\/11\/sopralluogo-sindaco-150x150.jpg\" class=\"attachment-thumbnail size-thumbnail\" alt=\"\" loading=\"lazy\" \/><\/a>\n\t\t\t<\/div><\/figure>\n\t\t<\/div>\n\n","protected":false},"excerpt":{"rendered":"<p>Hanno preso il via gli interventi per la\u00a0rimozione dei rifiuti e la bonifica dei manufatti in cemento amianto presenti in un&#8217;area in localit\u00e0 Pinone sul Montalbano. Si tratta della pi\u00f9 grande bonifica ambientale eseguita nel Comune di Carmignano negli ultimi venti anni, che porter\u00e0 alla completa pulizia della zona, per tanti anni punto di riferimento &hellip; <a href=\"https:\/\/www.ilgiornaledicarmignano.it\/?p=191\" class=\"more-link\">Continua la lettura di <span class=\"screen-reader-text\">Ambiente, al via la rimozione e lo smaltimento dei rifiuti abbandonati sul Montalbano<\/span> <span class=\"meta-nav\">&rarr;<\/span><\/a><\/p>\n","protected":false},"author":8,"featured_media":192,"comment_status":"closed","ping_status":"open","sticky":false,"template":"","format":"standard","meta":{"ngg_post_thumbnail":0},"categories":[8,7],"tags":[2],"_links":{"self":[{"href":"https:\/\/www.ilgiornaledicarmignano.it\/index.php?rest_route=\/wp\/v2\/posts\/191"}],"collection":[{"href":"https:\/\/www.ilgiornaledicarmignano.it\/index.php?rest_route=\/wp\/v2\/posts"}],"about":[{"href":"https:\/\/www.ilgiornaledicarmignano.it\/index.php?rest_route=\/wp\/v2\/types\/post"}],"author":[{"embeddable":true,"href":"https:\/\/www.ilgiornaledicarmignano.it\/index.php?rest_route=\/wp\/v2\/users\/8"}],"replies":[{"embeddable":true,"href":"https:\/\/www.ilgiornaledicarmignano.it\/index.php?rest_route=%2Fwp%2Fv2%2Fcomments&post=191"}],"version-history":[{"count":2,"href":"https:\/\/www.ilgiornaledicarmignano.it\/index.php?rest_route=\/wp\/v2\/posts\/191\/revisions"}],"predecessor-version":[{"id":202,"href":"https:\/\/www.ilgiornaledicarmignano.it\/index.php?rest_route=\/wp\/v2\/posts\/191\/revisions\/202"}],"wp:featuredmedia":[{"embeddable":true,"href":"https:\/\/www.ilgiornaledicarmignano.it\/index.php?rest_route=\/wp\/v2\/media\/192"}],"wp:attachment":[{"href":"https:\/\/www.ilgiornaledicarmignano.it\/index.php?rest_route=%2Fwp%2Fv2%2Fmedia&parent=191"}],"wp:term":[{"taxonomy":"category","embeddable":true,"href":"https:\/\/www.ilgiornaledicarmignano.it\/index.php?rest_route=%2Fwp%2Fv2%2Fcategories&post=191"},{"taxonomy":"post_tag","embeddable":true,"href":"https:\/\/www.ilgiornaledicarmignano.it\/index.php?rest_route=%2Fwp%2Fv2%2Ftags&post=191"}],"curies":[{"name":"wp","href":"https:\/\/api.w.org\/{rel}","templated":true}]}}