{"id":178,"date":"2018-11-07T09:40:05","date_gmt":"2018-11-07T08:40:05","guid":{"rendered":"http:\/\/www.ilgiornaledicarmignano.it\/?p=178"},"modified":"2018-11-07T09:40:05","modified_gmt":"2018-11-07T08:40:05","slug":"ripartono-i-corsi-di-attivamente-tante-lezioni-gratuite-per-tutti-i-gusti-e-tutte-le-eta","status":"publish","type":"post","link":"https:\/\/www.ilgiornaledicarmignano.it\/?p=178","title":{"rendered":"Ripartono i corsi di AttivaMente: tante lezioni gratuite per tutti i gusti e tutte le et\u00e0"},"content":{"rendered":"<p>Con il mese di novembre riparte la <strong><b>nuova stagione autunno\/inverno di &#8220;AttivaMente. Spazio alla conoscenza!<\/b><\/strong>&#8220;, promossa dall&#8217;assessorato alla Cultura del Comune di Carmignano insieme al Gruppo Attivamente. In programma fino a febbraio tanti corsi, incontri e laboratori gratuiti adatti a tutti gli interessi e necessit\u00e0, tenuti da chi per studio o lavoro, passione o storie personali, si \u00e8 messo a disposizione dei cittadini.<\/p>\n<p>Si tratta di mini corsi o incontri che abbracciano gli ambiti pi\u00f9 disparati, dalle attivit\u00e0 pratiche alle discipline pi\u00f9 teoriche, nell&#8217;ottica di sollecitare interessi diversi e avvicinare quindi pi\u00f9 persone possibili. E cos\u00ec accanto ai corsi gi\u00e0 rodati da tempo, continuano ad aggiungersi nuove proposte, che contribuiscono a accrescere in maniera vitale la gi\u00e0 variegata gamma delle offerte. Letteratura, storia e societ\u00e0, anniversari, hobby, salute e benessere, arte e lingue, sono solo alcuni dei corsi in programma per questi mesi autunnali e invernali. <strong><b>Tra le novit\u00e0 di quest&#8217;anno il ritorno del corso di taglio e cucito e il laboratorio di teatro danza<\/b><\/strong>.<\/p>\n<p>&#8220;E&#8217; con grande piacere che anche quest&#8217;anno offriamo quanto di meglio la spontaneit\u00e0 cittadina possa donare &#8211; ha spiegato <strong><b>l&#8217;assessore alla Cultura Stella Spinelli<\/b><\/strong> -. Attivamente \u00e8 un percorso di educazione non formale rivolto a tutti e nel corso degli anni ha registrato sempre un grande successo di pubblico, con una crescita costante di partecipanti. E&#8217; un collettore di talenti e di generosit\u00e0, reso possibile grazie a tante persone che di anno in anno mettono gratuitamente a disposizione se stessi, condividendo con il prossimo dei beni preziosissimi, ossia le proprie conoscenze e competenze&#8221;.<\/p>\n<p><strong><b>Il primo appuntamento \u00e8 per domani, mercoled\u00ec 7 novembre alle 21<\/b><\/strong> nel salone consiliare del Comune di Carmignano con &#8220;Film ad Arte &#8211; I grandi artisti al cinema&#8221; a cura di Barbara Prosperi. Per l&#8217;occasione sar\u00e0 proiettato il film &#8220;Il tormento e l&#8217;estasi&#8221;.<\/p>\n<p>&#8220;Attivamente \u00e8 giunto alla quinta edizione, con pi\u00f9 cartelloni proposti ogni anno &#8211; ha aggiunto <strong><b>Sofia Toninelli, coordinatrice del Gruppo AttivaMente<\/b><\/strong> -. Siamo molto contenti, oltre che confermare tanti docenti e corsi, conferenze e laboratori, ci sono nuovi insegnanti che si sono affacciati cercandoci e proponendoci ulteriori iniziative. Attivamente vuole promuovere la crescita culturale diffusa, senza alibi di costi, tempi e gusti e cos\u00ec anche quest\u2019anno proponiamo un ricco cartellone, un programma fresco legato alla contemporaneit\u00e0 e all&#8217;attualit\u00e0. Un cartellone sempre diverso e vario, che abbraccia i pi\u00f9 svariati ambiti, dalla letteratura alle attivit\u00e0 manuali, poi ci sono le uscite che piacciono sempre tanto ai nostri fruitori. La volont\u00e0 \u00e8 quella di far uscire le persone da casa e, come dice il nome stesso della rassegna, far attivare la mente e dare spazio alla conoscenza\u201d.<\/p>\n<p>I corsi sono tenuti da docenti universitari, esperti, insegnanti madrelingua, ma anche semplici cittadini che intendono regalare al prossimo le proprie competenze e professionalit\u00e0. <strong><b>Le lezioni si terranno<\/b><\/strong> alla Biblioteca Comunale di Seano, Circolo ANSPI Seano, Circolo Arci 11 Giugno Carmignano, Circolo ARCI Poggio alla Malva, Museo del Vino di Carmignano, Sala Consiliare Comune di Carmignano e Spazio Giovani di Comeana.<\/p>\n<p><strong><b>La partecipazione \u00e8 gratuita ma per motivi organizzativi per ogni corso \u00e8 gradita l&#8217;iscrizione<\/b><\/strong>. Per informazioni \u00e8 possibile contattare lo Spazio Giovani di Comeana (055 8716213 spaziogiovani@comune.carmignano.po.it) oppure l&#8217;Ufficio Cultura del Comune di Carmignano (055 8750250 &#8211; 252 &#8211; 231 cultura@comune.carmignano.po.it).<\/p>\n<p><strong><u><b>Di seguito il programma completo dei corsi. <\/b><\/u><\/strong><\/p>\n<p><strong><b>Hobbistica<\/b><\/strong><\/p>\n<p><strong><em><b><i>Modellare forma e colore con l\u2019acqua<\/i><\/b><\/em><\/strong>. Corso di acquerello a cura di Chiara Giorgi. Le lezioni si terranno allo Spazio Giovani di Comeana venerd\u00ec 9 e 23 novembre e venerd\u00ec 7 dicembre dalle 17 alle 19.<\/p>\n<p><strong><em><b><i>Natale fatto a mano<\/i><\/b><\/em><\/strong><strong><b>. <\/b><\/strong>Laboratorio di ricamo creativo natalizio con Fiorella Ciambellotti. Museo del vino Carmignano; marted\u00ec 20 e 27 novembre dalle ore 21.<\/p>\n<p><strong><em><b><i>I colori della vita. <\/i><\/b><\/em><\/strong>Corso di pittura \u2013 La tempera, a cura di Daniela Orlandi. Circolo Anspi S.Pietro Seano, tutti i mercoled\u00ec alle 21. Le lezioni si terranno dal 14 novembre al 12 dicembre e dal 16 gennaio al 27 febbraio.<\/p>\n<p><strong><em><b><i>Sferruzzando al Circolo.<\/i><\/b><\/em><\/strong> Esperienze di maglia condivise con Roberta Nausanti. Circolo Anspi S.Pietro Seano tutti i mercoled\u00ec dalle 17.30 alle 19. Il corso si terr\u00e0 dal 14 novembre al 12 dicembre e dal 16 gennaio al 27 febbraio<\/p>\n<p><strong><em><b><i>Taglia e cuci.<\/i><\/b><\/em><\/strong> Corso di cucito per principianti a cura di Graziella Bellizzomi. Saletta incontri della Biblioteca Aldo Palazzeschi di Seano. Sabato dalle 15.30 alle 17. Le lezioni si terranno il 12, 19, 26 gennaio e il 2, 9, 16 e 23 febbraio.<\/p>\n<p><strong><b>Lingue<\/b><\/strong><\/p>\n<p><strong><em><b><i>Turning Point<\/i><\/b><\/em><\/strong><strong><b>. <\/b><\/strong>Conversazione in lingua inglese a cura di Antonio Polimeni. Saletta incontri Biblioteca Seano; gioved\u00ec dalle 19.30 alle 21. Le lezioni prenderanno il via il 15 novembre e andranno avanti fino al 13 dicembre, per poi ricominciare dopo le festivit\u00e0 natalizie, dal 17 gennaio al 28 febbraio.<\/p>\n<p><strong><em><b><i>En fran\u00e7ais? Pourquoi pas\u2026<\/i><\/b><\/em><\/strong> Conversazione in lingua francese con Christiane Chapelier. Circolo Arci 11 Giugno Carmignano; mercoled\u00ec alle 21. Dal 14 novembre al 12 dicembre e dal 16 gennaio al 27 febbraio.<\/p>\n<p><strong><em><b><i>Open door<\/i><\/b><\/em><\/strong><strong><b>. <\/b><\/strong>Conversazioni in lingua inglese a cura di Luigi Petrucci. Saletta incontri Biblioteca Seano. Luned\u00ec ore 21; dal 12 novembre al 10 dicembre e dal 16 gennaio al 25 febbraio.<\/p>\n<p><strong><b>Salute e Benessere<\/b><\/strong><\/p>\n<p><strong><em><b><i>Rinascimente<\/i><\/b><\/em><\/strong><strong><b>. <\/b><\/strong>Laboratorio di teatro danza tenuto da Francesca Stampone. Cinque lezioni il luned\u00ec dalle 17 alle 19 allo Spazio Giovani di Comeana. Appuntamento il 14, 21 e 28 gennaio e il 4 e 11 febbraio.<\/p>\n<p><strong><b>Psicologia <\/b><\/strong><\/p>\n<p><strong><em><b><i>Stima di s\u00e9.<\/i><\/b><\/em><\/strong> Lo sguardo con cui mi guardo di Maurizio Federici. Saletta incontri Biblioteca Seano venerd\u00ec 18 e 25 gennaio e 1 febbraio a partire dalle ore 21.<\/p>\n<p><strong><b>Letteratura<\/b><\/strong><\/p>\n<p><strong><em><b><i>Di libro in libro<\/i><\/b><\/em><\/strong><strong><b>. <\/b><\/strong>Incontri letterari a cura del gruppo di lettura. Saletta incontri Biblioteca Seano; gioved\u00ec a partire dalle 21. Appuntamento il 15 novembre, 20 dicembre, 17 gennaio e 21 febbraio.<\/p>\n<p><strong><em><b><i>Primo Levi.<\/i><\/b><\/em><\/strong> Fra scrittura di memoria e invenzione letteraria con Alessandro Attucci. Saletta incontri Biblioteca Seano gioved\u00ec 7, 14, 21 e 28 febbraio alle ore 21.<\/p>\n<p><strong><b>Arte<\/b><\/strong><\/p>\n<p><strong><em><b><i>Film ad Arte<\/i><\/b><\/em><\/strong><strong><b>. <\/b><\/strong>I grandi artisti al cinema con Barbara Prosperi. Sala consiliare Comune di Carmignano, mercoled\u00ec a partire dalle ore 21. Il 7 novembre Il tormento e l\u2019estasi (Michelangelo); il 14 novembre Pontormo. Un amore eretico<strong><b>. <\/b><\/strong>Il 21 novembre Artemisia. Passione estrema (Artemisia Gentileschi).<\/p>\n<p><strong><em><b><i>Rodolfo Siviero<\/i><\/b><\/em><\/strong><strong><b>. <\/b><\/strong>La vita e il recupero delle opere d\u2019arte rubate dai nazisti di Elena Petrioli. Venerd\u00ec 8 febbraio alle 21 incontro in Sala consiliare del Comune di Carmignano; domenica 10 febbraio uscita.<\/p>\n<p><strong><em><b><i>Firenze anni \u201950<\/i><\/b><\/em><\/strong><strong><b>. <\/b><\/strong>La ricostruzione del centro tra i difensori della tradizione e gli aspiranti alla modernit\u00e0 con Elena Petrioli. Venerd\u00ec 15 febbraio alle 21 incontro in Sala consiliare a Carmignano; sabato 16 febbraio uscita.<\/p>\n<p><strong><b>Storia e Societ\u00e0<\/b><\/strong><\/p>\n<p><strong><em><b><i>Il centro religioso di Firenze<\/i><\/b><\/em><\/strong><strong><b>. <\/b><\/strong>Parte terza e quarta con Giancarlo Pistolesi del Gruppo Archeologico Carmignanese. Sala consiliare Carmignano marted\u00ec 10 e 27 novembre alle 21.<\/p>\n<p><strong><em><b><i>1918 La pace provvisoria. <\/i><\/b><\/em><\/strong>Le conseguenze militari e geopolitiche. Luned\u00ec 19 novembre alle 21 al Museo del vino Carmignano.<\/p>\n<p><strong><em><b><i>Conoscere la Cina. La cerimonia del t\u00e8 con<\/i><\/b><\/em><\/strong> Doriano Cirri. Appuntamento venerd\u00ec 9 novembre alle 21 al Circolo Arci di Poggio alla Malva e venerd\u00ec 23 novembre sempre alle 21 alla Casa del Popolo di Seano.<\/p>\n<p><strong><em><b><i>La cioccolata del Granduca.<\/i><\/b><\/em><\/strong> La squisita scoperta di Francesco Carletti<strong><b>.<\/b><\/strong> Sabato 1 dicembre alle 16 in sala consiliare Carmignano<\/p>\n<p><strong><b>Anniversari<\/b><\/strong><\/p>\n<p><strong><em><b><i>50 anni dal \u201968. <\/i><\/b><\/em><\/strong>Proiezioni di film il marted\u00ec alle 21 in sala consiliare. Silvano Gelli, Franco Freda, Cosimo Regina, Orfeo Buzzegoli.<\/p>\n<p>15 gennaio: Fragole e sangue<\/p>\n<p>22 gennaio: La calda notte dell\u2019ispettore Tibbs<\/p>\n<p>29 gennaio: Il laureato<\/p>\n<p>5 febbraio: La classe operaia va in vacanza<\/p>\n<p>12 febbraio: Indagine su un cittadino al di sopra di ogni sospetto<\/p>\n","protected":false},"excerpt":{"rendered":"<p>Con il mese di novembre riparte la nuova stagione autunno\/inverno di &#8220;AttivaMente. Spazio alla conoscenza!&#8220;, promossa dall&#8217;assessorato alla Cultura del Comune di Carmignano insieme al Gruppo Attivamente. In programma fino a febbraio tanti corsi, incontri e laboratori gratuiti adatti a tutti gli interessi e necessit\u00e0, tenuti da chi per studio o lavoro, passione o storie &hellip; <a href=\"https:\/\/www.ilgiornaledicarmignano.it\/?p=178\" class=\"more-link\">Continua la lettura di <span class=\"screen-reader-text\">Ripartono i corsi di AttivaMente: tante lezioni gratuite per tutti i gusti e tutte le et\u00e0<\/span> <span class=\"meta-nav\">&rarr;<\/span><\/a><\/p>\n","protected":false},"author":8,"featured_media":184,"comment_status":"closed","ping_status":"open","sticky":false,"template":"","format":"standard","meta":{"ngg_post_thumbnail":0},"categories":[1],"tags":[],"_links":{"self":[{"href":"https:\/\/www.ilgiornaledicarmignano.it\/index.php?rest_route=\/wp\/v2\/posts\/178"}],"collection":[{"href":"https:\/\/www.ilgiornaledicarmignano.it\/index.php?rest_route=\/wp\/v2\/posts"}],"about":[{"href":"https:\/\/www.ilgiornaledicarmignano.it\/index.php?rest_route=\/wp\/v2\/types\/post"}],"author":[{"embeddable":true,"href":"https:\/\/www.ilgiornaledicarmignano.it\/index.php?rest_route=\/wp\/v2\/users\/8"}],"replies":[{"embeddable":true,"href":"https:\/\/www.ilgiornaledicarmignano.it\/index.php?rest_route=%2Fwp%2Fv2%2Fcomments&post=178"}],"version-history":[{"count":1,"href":"https:\/\/www.ilgiornaledicarmignano.it\/index.php?rest_route=\/wp\/v2\/posts\/178\/revisions"}],"predecessor-version":[{"id":180,"href":"https:\/\/www.ilgiornaledicarmignano.it\/index.php?rest_route=\/wp\/v2\/posts\/178\/revisions\/180"}],"wp:featuredmedia":[{"embeddable":true,"href":"https:\/\/www.ilgiornaledicarmignano.it\/index.php?rest_route=\/wp\/v2\/media\/184"}],"wp:attachment":[{"href":"https:\/\/www.ilgiornaledicarmignano.it\/index.php?rest_route=%2Fwp%2Fv2%2Fmedia&parent=178"}],"wp:term":[{"taxonomy":"category","embeddable":true,"href":"https:\/\/www.ilgiornaledicarmignano.it\/index.php?rest_route=%2Fwp%2Fv2%2Fcategories&post=178"},{"taxonomy":"post_tag","embeddable":true,"href":"https:\/\/www.ilgiornaledicarmignano.it\/index.php?rest_route=%2Fwp%2Fv2%2Ftags&post=178"}],"curies":[{"name":"wp","href":"https:\/\/api.w.org\/{rel}","templated":true}]}}