{"id":172,"date":"2018-10-31T11:58:18","date_gmt":"2018-10-31T10:58:18","guid":{"rendered":"http:\/\/www.ilgiornaledicarmignano.it\/?p=172"},"modified":"2018-11-20T10:52:31","modified_gmt":"2018-11-20T09:52:31","slug":"qualita-dellaria-dall1-novembre-divieto-di-accensione-fuochi-e-abbruciamento-allaperto-di-sfalci-e-residui-vegetali","status":"publish","type":"post","link":"https:\/\/www.ilgiornaledicarmignano.it\/?p=172","title":{"rendered":"Qualit\u00e0 dell\u2019aria, dall\u20191 novembre divieto di accensione fuochi e abbruciamento all\u2019aperto di sfalci e residui vegetali"},"content":{"rendered":"<p>Il sindaco Edoardo Prestanti, nell&#8217;ambito delle azioni di tutela della qualit\u00e0 dell&#8217;aria e della salute pubblica, e in accordo con la normativa regionale, ha firmato <strong>un&#8217;ordinanza al fine di ridurre la concentrazione media giornaliera per il parametro di polveri sottili PM 10. L&#8217;ordinanza sar\u00e0 valida da domani, gioved\u00ec 1 novembre, fino a domenica 31 marzo 2019 <\/strong>e prevede il <strong>divieto di accensione fuochi e abbruciamento all&#8217;aperto di sfalci, residui vegetali o altro,<\/strong> nelle aree del territorio comunale che si trovano ad un\u2019altezza inferiore a 200 metri sul livello del mare.<\/p>\n<p>\u201cL\u2019inquinamento atmosferico \u00e8 un problema serio, tutti noi attraverso pochi e semplici gesti possiamo contribuire a ridurre l\u2019emissione di polveri sottili in atmosfera \u2013 spiega il <strong>sindaco Edoardo Prestanti<\/strong> -. Basta per esempio evitare inutili sprechi nella gestione del riscaldamento, privilegiare il pi\u00f9 possibile l\u2019uso di mezzi di trasporto pubblici e di forme di viabilit\u00e0 ecosostenibili, ma anche spegnere il motore quando si \u00e8 fermi in coda. Piccole ma efficaci e fondamentali comportamenti necessari per migliorare la qualit\u00e0 dell\u2019aria che ogni giorno respiriamo\u201d.<\/p>\n<p><strong>L\u2019amministrazione comunale invita dunque tutti i cittadini ad adottare dei comportamenti virtuosi per ridurre cos\u00ec le emissioni di materiale particolato in atmosfera<\/strong>. E\u2019 consigliato per esempio non utilizzare biomasse (legna, pellet o altro) in caminetti o stufe, a meno che questi non costituiscano l\u2019unica fonte di riscaldamento dell\u2019immobile. Ma anche contenere i consumi energetici evitando inutili sprechi nella gestione degli impianti di riscaldamento: basta per esempio abbassare la temperatura del termostato di 1 o 2 gradi centigradi, controllare che il riscaldamento rimanga spento in caso di lunga assenza dall\u2019abitazione o dal luogo di lavoro e regolare in maniera corretta gli orari di accensione. Per quanto riguarda gli spostamenti, i cittadini sono invitati a usare il pi\u00f9 possibile i mezzi pubblici o mezzi di trasporto non inquinanti, oppure utilizzare in modo condiviso i mezzi privati (per esempio con colleghi di ufficio, lavoro, amici e parenti), per diminuire cos\u00ec il numero dei veicoli in circolazione. Altra buona pratica anti-smog, spegnere il motore di motocicli ed automezzi in caso di file o soste prolungate e limitare la velocit\u00e0 di marcia al di sotto dei limiti consentiti.<\/p>\n","protected":false},"excerpt":{"rendered":"<p>Il sindaco Edoardo Prestanti, nell&#8217;ambito delle azioni di tutela della qualit\u00e0 dell&#8217;aria e della salute pubblica, e in accordo con la normativa regionale, ha firmato un&#8217;ordinanza al fine di ridurre la concentrazione media giornaliera per il parametro di polveri sottili PM 10. L&#8217;ordinanza sar\u00e0 valida da domani, gioved\u00ec 1 novembre, fino a domenica 31 marzo &hellip; <a href=\"https:\/\/www.ilgiornaledicarmignano.it\/?p=172\" class=\"more-link\">Continua la lettura di <span class=\"screen-reader-text\">Qualit\u00e0 dell\u2019aria, dall\u20191 novembre divieto di accensione fuochi e abbruciamento all\u2019aperto di sfalci e residui vegetali<\/span> <span class=\"meta-nav\">&rarr;<\/span><\/a><\/p>\n","protected":false},"author":8,"featured_media":177,"comment_status":"closed","ping_status":"open","sticky":false,"template":"","format":"standard","meta":{"ngg_post_thumbnail":0},"categories":[8,7],"tags":[2],"_links":{"self":[{"href":"https:\/\/www.ilgiornaledicarmignano.it\/index.php?rest_route=\/wp\/v2\/posts\/172"}],"collection":[{"href":"https:\/\/www.ilgiornaledicarmignano.it\/index.php?rest_route=\/wp\/v2\/posts"}],"about":[{"href":"https:\/\/www.ilgiornaledicarmignano.it\/index.php?rest_route=\/wp\/v2\/types\/post"}],"author":[{"embeddable":true,"href":"https:\/\/www.ilgiornaledicarmignano.it\/index.php?rest_route=\/wp\/v2\/users\/8"}],"replies":[{"embeddable":true,"href":"https:\/\/www.ilgiornaledicarmignano.it\/index.php?rest_route=%2Fwp%2Fv2%2Fcomments&post=172"}],"version-history":[{"count":1,"href":"https:\/\/www.ilgiornaledicarmignano.it\/index.php?rest_route=\/wp\/v2\/posts\/172\/revisions"}],"predecessor-version":[{"id":174,"href":"https:\/\/www.ilgiornaledicarmignano.it\/index.php?rest_route=\/wp\/v2\/posts\/172\/revisions\/174"}],"wp:featuredmedia":[{"embeddable":true,"href":"https:\/\/www.ilgiornaledicarmignano.it\/index.php?rest_route=\/wp\/v2\/media\/177"}],"wp:attachment":[{"href":"https:\/\/www.ilgiornaledicarmignano.it\/index.php?rest_route=%2Fwp%2Fv2%2Fmedia&parent=172"}],"wp:term":[{"taxonomy":"category","embeddable":true,"href":"https:\/\/www.ilgiornaledicarmignano.it\/index.php?rest_route=%2Fwp%2Fv2%2Fcategories&post=172"},{"taxonomy":"post_tag","embeddable":true,"href":"https:\/\/www.ilgiornaledicarmignano.it\/index.php?rest_route=%2Fwp%2Fv2%2Ftags&post=172"}],"curies":[{"name":"wp","href":"https:\/\/api.w.org\/{rel}","templated":true}]}}