{"id":158,"date":"2018-10-31T09:36:59","date_gmt":"2018-10-31T08:36:59","guid":{"rendered":"http:\/\/www.ilgiornaledicarmignano.it\/?p=158"},"modified":"2018-10-31T09:37:00","modified_gmt":"2018-10-31T08:37:00","slug":"con-il-buon-samaritano-il-cibo-non-utilizzato-nelle-mense-scolastiche-va-ai-piu-bisognosi","status":"publish","type":"post","link":"https:\/\/www.ilgiornaledicarmignano.it\/?p=158","title":{"rendered":"Con il &#8220;buon samaritano&#8221; il cibo non utilizzato nelle mense scolastiche va ai pi\u00f9 bisognosi"},"content":{"rendered":"<div class=\"Section1\">\n<p><span style=\"font-family: Cambria;\">Ridurre gli sprechi alimentari perfettamente commestibili, diminuire la produzione di rifiuti organici, ma soprattutto sostenere il volontariato locale impegnato nella lotta alla povert\u00e0 ed educare alla solidariet\u00e0 e al consumo consapevole. Sono questi gli obiettivi del &#8220;<b><span style=\"font-weight: bold;\">Buon Samaritano&#8221;, il progetto per la destinazione benefica dei prodotti alimentari non consumati e ancora perfettamente integri delle mense scolastiche del territorio.<\/span><\/b><\/span><\/p>\n<p><span style=\"font-family: Cambria; font-size: medium;\">Un progetto che il Comune di Carmignano porta avanti dal 2016, quando ha stipulato un protocollo d&#8217;intesa con varie associazioni del territorio, ossia la Caritas di Carmignano, la Misericordia di Carmignano, la Caritas di Comeana, l&#8217;Assistenza Medicea, l&#8217;arciconfraternita della Misericordia di Prato sezione di Seano e CIR Food, l&#8217;azienda appaltatrice del servizio mensa. Protocollo che ha validit\u00e0 fino all&#8217;anno scolastico 2019\/2020. <\/span><\/p>\n<p><span style=\"font-family: Cambria; font-size: medium;\">L&#8217;iniziativa \u00e8 ispirata alla legge 155 del 2003, detta appunto del &#8220;Buon Samaritano&#8221;, che consente la semplificazione della distribuzione degli alimenti con destinazione benefica. E cos\u00ec anche il Comune di Carmignano dal 2016 ha deciso di portare avanti questa iniziativa, con la messa a disposizione attraverso le associazioni di volontariato, dei cibi integri e non utilizzati nelle mense scolastiche delle scuole primarie del Comune di Carmignano, a vantaggio delle famiglie in difficolt\u00e0. <b>Ovviamente non ci\u00f2 che finisce sui tavoli dei bambini, ma quello che rimane nei contenitori e non \u00e8 ancora stato sporzionato<\/b>. Cibi sia freschi, come pane, prodotti da forno e frutta, che alimenti cucinati quali primi piatti, pietanze, contorni e dolci. <\/span><\/p>\n<p><span style=\"font-family: Cambria; font-size: medium;\">&#8220;Una modalit\u00e0 attraverso la quale non viene sprecato il cibo e si riducono cos\u00ec i rifiuti da smaltire &#8211; spiega l&#8217;<b>assessore alla Pubblica istruzione Tamara Cecconi<\/b> -, ma principalmente si aiutano in maniera diretta e concreta le persone pi\u00f9 bisognose del nostro territorio. Un&#8217;occasione utile anche per educare i bambini, fin dalla tenera et\u00e0, alla solidariet\u00e0 e al consumo consapevole, per fargli capire che il cibo \u00e8 importante e che non deve essere buttato\u201d. <\/span><\/p>\n<p><span style=\"font-family: Cambria; font-size: medium;\">Nello specifico nelle <b>scuole primarie Bogardo Buricchi di Carmignano e Quinto Martini di Seano<span style=\"font-weight: normal;\"> il<\/span><span style=\"font-weight: normal;\"> luned\u00ec, e alla <\/span>Nazario Sauro di Comeana<\/b> il luned\u00ec e il venerd\u00ec, i volontari delle associazioni coinvolte ritirano, tramite appositi e idonei contenitori multi porzione, i prodotti alimentari dalle mense scolastiche. Alimenti che, entro massimo due o tre ore dal recupero, vengono ridistribuiti ai soggetti beneficiari presso il Centro di Ascolto di Carmignano e i locali della parrocchia di San Michele Arcangelo a Comeana. <\/span><\/p>\n<\/div>\n","protected":false},"excerpt":{"rendered":"<p>Ridurre gli sprechi alimentari perfettamente commestibili, diminuire la produzione di rifiuti organici, ma soprattutto sostenere il volontariato locale impegnato nella lotta alla povert\u00e0 ed educare alla solidariet\u00e0 e al consumo consapevole. Sono questi gli obiettivi del &#8220;Buon Samaritano&#8221;, il progetto per la destinazione benefica dei prodotti alimentari non consumati e ancora perfettamente integri delle mense &hellip; <a href=\"https:\/\/www.ilgiornaledicarmignano.it\/?p=158\" class=\"more-link\">Continua la lettura di <span class=\"screen-reader-text\">Con il &#8220;buon samaritano&#8221; il cibo non utilizzato nelle mense scolastiche va ai pi\u00f9 bisognosi<\/span> <span class=\"meta-nav\">&rarr;<\/span><\/a><\/p>\n","protected":false},"author":8,"featured_media":121,"comment_status":"closed","ping_status":"open","sticky":false,"template":"","format":"standard","meta":{"ngg_post_thumbnail":0},"categories":[1],"tags":[],"_links":{"self":[{"href":"https:\/\/www.ilgiornaledicarmignano.it\/index.php?rest_route=\/wp\/v2\/posts\/158"}],"collection":[{"href":"https:\/\/www.ilgiornaledicarmignano.it\/index.php?rest_route=\/wp\/v2\/posts"}],"about":[{"href":"https:\/\/www.ilgiornaledicarmignano.it\/index.php?rest_route=\/wp\/v2\/types\/post"}],"author":[{"embeddable":true,"href":"https:\/\/www.ilgiornaledicarmignano.it\/index.php?rest_route=\/wp\/v2\/users\/8"}],"replies":[{"embeddable":true,"href":"https:\/\/www.ilgiornaledicarmignano.it\/index.php?rest_route=%2Fwp%2Fv2%2Fcomments&post=158"}],"version-history":[{"count":1,"href":"https:\/\/www.ilgiornaledicarmignano.it\/index.php?rest_route=\/wp\/v2\/posts\/158\/revisions"}],"predecessor-version":[{"id":159,"href":"https:\/\/www.ilgiornaledicarmignano.it\/index.php?rest_route=\/wp\/v2\/posts\/158\/revisions\/159"}],"wp:featuredmedia":[{"embeddable":true,"href":"https:\/\/www.ilgiornaledicarmignano.it\/index.php?rest_route=\/wp\/v2\/media\/121"}],"wp:attachment":[{"href":"https:\/\/www.ilgiornaledicarmignano.it\/index.php?rest_route=%2Fwp%2Fv2%2Fmedia&parent=158"}],"wp:term":[{"taxonomy":"category","embeddable":true,"href":"https:\/\/www.ilgiornaledicarmignano.it\/index.php?rest_route=%2Fwp%2Fv2%2Fcategories&post=158"},{"taxonomy":"post_tag","embeddable":true,"href":"https:\/\/www.ilgiornaledicarmignano.it\/index.php?rest_route=%2Fwp%2Fv2%2Ftags&post=158"}],"curies":[{"name":"wp","href":"https:\/\/api.w.org\/{rel}","templated":true}]}}