{"id":155,"date":"2018-10-18T15:45:13","date_gmt":"2018-10-18T13:45:13","guid":{"rendered":"http:\/\/www.ilgiornaledicarmignano.it\/?p=155"},"modified":"2018-10-18T15:45:13","modified_gmt":"2018-10-18T13:45:13","slug":"santa-caterina-pubblicato-il-concorso-di-idee-per-la-progettazione-il-recupero-e-la-riqualificazione-del-complesso-storico","status":"publish","type":"post","link":"https:\/\/www.ilgiornaledicarmignano.it\/?p=155","title":{"rendered":"Santa Caterina, pubblicato il concorso di idee per la progettazione, il recupero e la riqualificazione del complesso storico"},"content":{"rendered":"<p>L\u2019antico complesso di Santa Caterina, situato nel cuore di Carmignano tra piazza Niccolini e via Modesti, \u00e8 pronto a cambiare volto. Dopo il percorso partecipativo \u201cSanta Caterina Domani \u2013 abitanti a confronto per dare nuova vita allo storico complesso\u201d, <strong><b>il Comune di Carmignano ha, infatti, bandito un concorso di idee per la progettazione, il recupero e la riqualificazione architettonica e ambientale dell\u2019area. <\/b><\/strong><\/p>\n<p>Il concorso, che si svolge con una procedura aperta e in forma anonima, \u00e8 rivolto a professionisti, sia singoli che raggruppamenti. <strong><b>I progetti<\/b><\/strong> <strong><b>dovranno essere presentati all\u2019Ufficio Protocollo del Comune di Carmignano entro<\/b><\/strong>\u00a0 <strong><b>il 21 dicembre 2018<\/b><\/strong>.<\/p>\n<p>\u201cQuesto bando rappresenta il mantenimento della promessa che avevamo fatto alla cittadinanza, secondo la quale ogni mutamento del nostro centro storico e della sua parte pi\u00f9 pregiata sarebbe stata decisa insieme alla popolazione \u2013 spiega il <strong><b>Sindaco Edoardo Prestanti<\/b><\/strong> -. Le linee guida emerse dal percorso partecipativo saranno un punto di partenza per i professionisti che parteciperanno al concorso di idee, linee che dovranno doverosamente essere rispettare. Non pi\u00f9 progetti calati dall\u2019alto, ma un\u2019idea di sviluppo condivisa con tutti coloro che vivono questo territorio\u201d.<\/p>\n<p>Il complesso di Santa Caterina \u00e8 di propriet\u00e0 del Comune da quasi venti anni, ma vive da diverso tempo in uno stato di completo abbandono e necessita di un intervento organico di recupero, cos\u00ec da poter diventare un punto nevralgico per lo sviluppo di nuove attivit\u00e0 e servizi legati alla promozione economica, sociale e culturale del territorio. <strong><b>Il Comune di Carmignano ha quindi prima promosso un percorso partecipativo,<\/b><\/strong> co-finanziato dalla Regione Toscana, che ha coinvolto numerosi abitanti e stakeholders del territorio. <strong><b>Dopo quasi quattro mesi di incontri sono state elaborate le linee guida per i progettisti che parteciperanno al concorso di idee per il recupero del Santa Caterina, concorso che \u00e8 appena stato bandito.<\/b><\/strong><\/p>\n<p>\u201cCi siamo, lo avevamo promesso in campagna elettorale e stiamo dando seguito a quanto pattuito con i nostri elettori: il concorso di idee \u00e8 stato finalmente bandito e siamo pronti a raccogliere proposte per il recupero dell\u2019antico complesso edilizio \u2013 aggiunge <strong><b>l\u2019assessore all\u2019Urbanistica Francesco Paoletti<\/b><\/strong> -. Crediamo che le pi\u00f9 importanti decisioni sulla trasformazione urbana debbano essere prese in condivisione con la cittadinanza e cos\u00ec stiamo facendo. Vogliamo ora rigenerare l\u2019area del Santa Caterina, creando un tessuto edilizio equilibrato e dinamico, capace di intercettare nel tempo esigenze e nuove domande, intendiamo realizzare nuovi spazi di socializzazione e parcheggi\u201d.<\/p>\n<p><strong><b>Linee guida per la definizione delle proposte progettuali<\/b><\/strong>. Il progetto di recupero dovr\u00e0 essere redatto con l\u2019obiettivo di: rinnovare il Santa Caterina come luogo della comunit\u00e0 e di promozione del territorio; minimizzare il rischio di duplicare spazi e funzioni esistenti. Partire da un\u2019adeguata conoscenza del contesto locale per individuare, tra le potenzialit\u00e0, l\u2019elemento chiave per far fare un salto in avanti a Carmignano; progettare in risposta ad esigenze e necessit\u00e0 reali degli abitanti e del territorio; creare un tessuto sociale attraverso un baricentro attrattivo ed evitare cos\u00ec l\u2019effetto dormitorio; ridurre al minimo l\u2019aumento delle volumetrie. Progettare l\u2019intervento di recupero stando attenti alla fattibilit\u00e0 economica, per evitare che resti un sogno o rimanga incompleto; progettare con attenzione gli spazi esterni e le connessioni (il progetto deve prevedere un collegamento pedonale tra il centro del paese e le scuole); trovare soluzioni innovative e alternative per implementare i posti auto e infine ripensare alla viabilit\u00e0 veicolare.<\/p>\n<p><strong><b>Modalit\u00e0 e termini di presentazione delle domande<\/b><\/strong>. Le domande dovranno essere presentate entro e non oltre le ore 12 di venerd\u00ec 21 dicembre. La partecipazione avviene esclusivamente in forma anonima. Il materiale potr\u00e0 essere consegnato a mano all\u2019Ufficio Protocollo del Comune di Carmignano negli orari di apertura al pubblico (luned\u00ec ore 8.30 \u2013 12.30 e 15.30 &#8211; 18; gioved\u00ec ore 8.30 \u2013 15.30; marted\u00ec, mercoled\u00ec e venerd\u00ec ore 8.30 \u2013 12.30); oppure per posta, con corriere o altri mezzi al Comune di Carmignano (piazza G. Matteotti 1, 59015 Carmignano).<\/p>\n<p><strong><b>Commissione giudicatrice<\/b><\/strong>. La commissione giudicatrice del concorso sar\u00e0 composta dal responsabile del Settore 5 Lavori pubblici, patrimonio, ambiente o un suo delegato; un membro scelto da una terna proposta dall\u2019Ordine degli Architetti di Prato e uno scelto dall\u2019Ordine degli Ingegneri di Prato; un esperto in pianificazione urbana e progettazione ambientale e una persona che ha preso parte al percorso partecipativo Santa Caterina Domani, scelto dall\u2019elenco dei candidabili come membri della giuria.<\/p>\n<p><strong><b>Esito del concorso<\/b><\/strong>. Il concorso si concluder\u00e0 con una graduatoria di merito e con l\u2019attribuzione al primo classificato di un premio pari a 7mila euro; 4mila euro invece andranno al secondo classificato e 2mila al terzo. Il progetto del primo classificato sar\u00e0 usato come piano di fattibilit\u00e0, tutte le idee in concorso saranno acquisite in propriet\u00e0 dal Comune di Carmignano, che si riserver\u00e0 poi la facolt\u00e0 di organizzare un\u2019esposizione pubblica dei progetti concorrenti. L\u2019esito del concorso sar\u00e0 pubblicato sul sito del Comune.<\/p>\n<p><strong><b>Il bando di concorso, il documento preliminare alla progettazione e tutti gli allegati, sono consultabili e scaricabili dal sito del Comune di Carmignano (www.carmignano.po.it).<\/b><\/strong><\/p>\n","protected":false},"excerpt":{"rendered":"<p>L\u2019antico complesso di Santa Caterina, situato nel cuore di Carmignano tra piazza Niccolini e via Modesti, \u00e8 pronto a cambiare volto. Dopo il percorso partecipativo \u201cSanta Caterina Domani \u2013 abitanti a confronto per dare nuova vita allo storico complesso\u201d, il Comune di Carmignano ha, infatti, bandito un concorso di idee per la progettazione, il recupero &hellip; <a href=\"https:\/\/www.ilgiornaledicarmignano.it\/?p=155\" class=\"more-link\">Continua la lettura di <span class=\"screen-reader-text\">Santa Caterina, pubblicato il concorso di idee per la progettazione, il recupero e la riqualificazione del complesso storico<\/span> <span class=\"meta-nav\">&rarr;<\/span><\/a><\/p>\n","protected":false},"author":8,"featured_media":156,"comment_status":"closed","ping_status":"open","sticky":false,"template":"","format":"standard","meta":{"ngg_post_thumbnail":0},"categories":[1],"tags":[],"_links":{"self":[{"href":"https:\/\/www.ilgiornaledicarmignano.it\/index.php?rest_route=\/wp\/v2\/posts\/155"}],"collection":[{"href":"https:\/\/www.ilgiornaledicarmignano.it\/index.php?rest_route=\/wp\/v2\/posts"}],"about":[{"href":"https:\/\/www.ilgiornaledicarmignano.it\/index.php?rest_route=\/wp\/v2\/types\/post"}],"author":[{"embeddable":true,"href":"https:\/\/www.ilgiornaledicarmignano.it\/index.php?rest_route=\/wp\/v2\/users\/8"}],"replies":[{"embeddable":true,"href":"https:\/\/www.ilgiornaledicarmignano.it\/index.php?rest_route=%2Fwp%2Fv2%2Fcomments&post=155"}],"version-history":[{"count":1,"href":"https:\/\/www.ilgiornaledicarmignano.it\/index.php?rest_route=\/wp\/v2\/posts\/155\/revisions"}],"predecessor-version":[{"id":157,"href":"https:\/\/www.ilgiornaledicarmignano.it\/index.php?rest_route=\/wp\/v2\/posts\/155\/revisions\/157"}],"wp:featuredmedia":[{"embeddable":true,"href":"https:\/\/www.ilgiornaledicarmignano.it\/index.php?rest_route=\/wp\/v2\/media\/156"}],"wp:attachment":[{"href":"https:\/\/www.ilgiornaledicarmignano.it\/index.php?rest_route=%2Fwp%2Fv2%2Fmedia&parent=155"}],"wp:term":[{"taxonomy":"category","embeddable":true,"href":"https:\/\/www.ilgiornaledicarmignano.it\/index.php?rest_route=%2Fwp%2Fv2%2Fcategories&post=155"},{"taxonomy":"post_tag","embeddable":true,"href":"https:\/\/www.ilgiornaledicarmignano.it\/index.php?rest_route=%2Fwp%2Fv2%2Ftags&post=155"}],"curies":[{"name":"wp","href":"https:\/\/api.w.org\/{rel}","templated":true}]}}