{"id":1528,"date":"2020-04-11T22:30:37","date_gmt":"2020-04-11T20:30:37","guid":{"rendered":"http:\/\/www.ilgiornaledicarmignano.it\/?p=1528"},"modified":"2020-04-13T15:20:47","modified_gmt":"2020-04-13T13:20:47","slug":"una-pasqua-da-ricordare","status":"publish","type":"post","link":"https:\/\/www.ilgiornaledicarmignano.it\/?p=1528","title":{"rendered":"Una Pasqua da ricordare, gli auguri del sindaco"},"content":{"rendered":"\n<p class=\"has-drop-cap\">Care cittadine, cari cittadini, \u00e8 ormai Pasqua, una Pasqua cos\u00ec diversa dal solito, che facciamo tutti una gran fatica a trovarne il senso.  <\/p>\n\n\n\n<p>Come festeggiare, lontano dai nostri cari, dai parenti, dagli amici? Come sentire lo spirito della rinascita tenendo a distanza le persone con le quali amiamo condividere la nostra vita?<\/p>\n\n\n\n<p>Eppure, in questi interrogativi che tanto ci affliggono, \u00e8 nascosto proprio il senso del sacrificio e del calvario, che ci porter\u00e0 a vita nuova. S\u00ec, perch\u00e9 quando la guerra al Coronavirus sar\u00e0 finita e potremo tornare a viverci il mondo esterno, ad abbracciarci e stringerci di nuovo in comunit\u00e0, vedremo tutto con occhi nuovi, tutto sar\u00e0 inondato di una luce diversa, abbagliante, bellissima, e la gioia sar\u00e0 incontenibile. Sar\u00e0 quella la nostra vera Pasqua, ma fino ad allora a prevalere dovr\u00e0 essere il senso civico e la responsabilit\u00e0 sociale verso il prossimo.<\/p>\n\n\n\n<p>Siamo nel pieno di una pandemia, e anche il nostro territorio non ne \u00e8 immune. Stiamo vivendo un periodo difficile e complicato. Doloroso, per i tanti malati e purtroppo anche i nostri concittadini che ci hanno lasciato. Ma oggi pi\u00f9 che mai \u00e8 importante restare uniti e far prevalere quel senso di comunit\u00e0 che ha sempre contraddistinto Carmignano.<\/p>\n\n\n\n<p>Questa della Pasqua sar\u00e0 sicuramente una prova molto importante, la pi\u00f9 dura finora. Ma dobbiamo farcela. Sar\u00e0 vietato far visita a parenti e amici, e nessuno potr\u00e0 fare scampagnate e gite fuori porta. So che in un giorno di festa \u00e8 doloroso starsene a casa, ma non abbiamo scelta.<\/p>\n\n\n\n<p>Se vogliamo uscire da questa emergenza il prima possibile, dobbiamo necessariamente rispettare le regole e evitare qualsiasi tipo di spostamento non strettamente necessario. E, di certo, il pranzo con parenti e amici non \u00e8 necessario. Importante, divertente, rigenerante, questo s\u00ec, certamente, ma non necessario, e adesso il non necessario \u00e8 un lusso che non possiamo permetterci. Dobbiamo ancora una volta essere responsabili e avere rispetto per noi stessi e per chi ci circonda. Restiamo rigorosi e atteniamoci alle direttive ministeriali e delle istituzioni sanitarie, unica via verso una vita nuova.<\/p>\n\n\n\n<p>Oggi ci sono tanti strumenti per ingannare la distanza, usiamoli. Una bella videochiamata con parenti e amici ci far\u00e0 sentire meno soli, e il calore e l&#8217;affetto entreranno in circolo.  <\/p>\n\n\n\n<p>Non possiamo e non dobbiamo abbassare la guardia proprio adesso. Non vanifichiamo tutti i sacrifici e gli sforzi fatti fino ad ora. Forza Carmignano, insieme possiamo farcela!<br> <br>All\u2019orizzonte, oltre il buio di questa lunga notte ci aspetta una nuova alba, un nuovo mondo, perch\u00e9 tutto non potr\u00e0 ripartire come prima, la corsa frenetica al profitto, le grandi disuguaglianze e la distruzione dell\u2019ambiente dovranno lasciare il posto ad una comunit\u00e0 dove lavoro, solidariet\u00e0 e cura del pianeta, saranno la nostra vera meta.<\/p>\n\n\n\n<p>Concludo questa mia missiva, ringraziandovi di cuore per quanto state facendo in questo delicato periodo, e aggiungo un pensiero speciale ai medici, agli infermieri, ai volontari e alle forze dell\u2019ordine che ogni giorno sono in prima linea nella lotta alla pandemia e nella tutela dei servizi essenziali fondamentali per mantenere il delicato equilibrio di questo tratto di strada insieme.<\/p>\n\n\n\n<blockquote class=\"wp-block-quote\"><p>Buona Pasqua, Carmignanesi! <br>A voi e alle vostre famiglie. Da parte mia, degli assessori e di tutti gli amministratori.<\/p><cite><strong>il Sindaco<br>Edoardo Prestanti<\/strong><\/cite><\/blockquote>\n\n\n\n<p><\/p>\n","protected":false},"excerpt":{"rendered":"<p>Care cittadine, cari cittadini, \u00e8 ormai Pasqua, una Pasqua cos\u00ec diversa dal solito, che facciamo tutti una gran fatica a trovarne il senso. Come festeggiare, lontano dai nostri cari, dai parenti, dagli amici? Come sentire lo spirito della rinascita tenendo a distanza le persone con le quali amiamo condividere la nostra vita? Eppure, in questi &hellip; <a href=\"https:\/\/www.ilgiornaledicarmignano.it\/?p=1528\" class=\"more-link\">Continua la lettura di <span class=\"screen-reader-text\">Una Pasqua da ricordare, gli auguri del sindaco<\/span> <span class=\"meta-nav\">&rarr;<\/span><\/a><\/p>\n","protected":false},"author":1,"featured_media":1531,"comment_status":"closed","ping_status":"open","sticky":false,"template":"","format":"standard","meta":{"ngg_post_thumbnail":0},"categories":[28,18],"tags":[],"_links":{"self":[{"href":"https:\/\/www.ilgiornaledicarmignano.it\/index.php?rest_route=\/wp\/v2\/posts\/1528"}],"collection":[{"href":"https:\/\/www.ilgiornaledicarmignano.it\/index.php?rest_route=\/wp\/v2\/posts"}],"about":[{"href":"https:\/\/www.ilgiornaledicarmignano.it\/index.php?rest_route=\/wp\/v2\/types\/post"}],"author":[{"embeddable":true,"href":"https:\/\/www.ilgiornaledicarmignano.it\/index.php?rest_route=\/wp\/v2\/users\/1"}],"replies":[{"embeddable":true,"href":"https:\/\/www.ilgiornaledicarmignano.it\/index.php?rest_route=%2Fwp%2Fv2%2Fcomments&post=1528"}],"version-history":[{"count":11,"href":"https:\/\/www.ilgiornaledicarmignano.it\/index.php?rest_route=\/wp\/v2\/posts\/1528\/revisions"}],"predecessor-version":[{"id":1552,"href":"https:\/\/www.ilgiornaledicarmignano.it\/index.php?rest_route=\/wp\/v2\/posts\/1528\/revisions\/1552"}],"wp:featuredmedia":[{"embeddable":true,"href":"https:\/\/www.ilgiornaledicarmignano.it\/index.php?rest_route=\/wp\/v2\/media\/1531"}],"wp:attachment":[{"href":"https:\/\/www.ilgiornaledicarmignano.it\/index.php?rest_route=%2Fwp%2Fv2%2Fmedia&parent=1528"}],"wp:term":[{"taxonomy":"category","embeddable":true,"href":"https:\/\/www.ilgiornaledicarmignano.it\/index.php?rest_route=%2Fwp%2Fv2%2Fcategories&post=1528"},{"taxonomy":"post_tag","embeddable":true,"href":"https:\/\/www.ilgiornaledicarmignano.it\/index.php?rest_route=%2Fwp%2Fv2%2Ftags&post=1528"}],"curies":[{"name":"wp","href":"https:\/\/api.w.org\/{rel}","templated":true}]}}