{"id":1520,"date":"2020-04-10T19:40:52","date_gmt":"2020-04-10T17:40:52","guid":{"rendered":"http:\/\/www.ilgiornaledicarmignano.it\/?p=1520"},"modified":"2020-04-15T23:27:48","modified_gmt":"2020-04-15T21:27:48","slug":"la-bellezza-ci-salvera-2","status":"publish","type":"post","link":"https:\/\/www.ilgiornaledicarmignano.it\/?p=1520","title":{"rendered":"La bellezza ci salver\u00e0, l&#8217;editoriale"},"content":{"rendered":"\n<table class=\"wp-block-table is-style-stripes\"><tbody><tr><td>il direttore <\/td><td><\/td><td><\/td><\/tr><tr><td><em>Stella Spinelli<\/em><\/td><td><\/td><td><\/td><\/tr><\/tbody><\/table>\n\n\n\n<p class=\"has-drop-cap\">Un <strong>nuovo giornale<\/strong>, un nuovo contenitore, serio e affidabile, dove trovare tutto ci\u00f2 che c\u2019\u00e8 di utile e dilettevole a due passi da casa. Una voce autorevole di quel territorio che abbiamo scelto come <strong>Casa<\/strong> e che adesso, in questo esatto momento, \u00e8 tutto ci\u00f2 che ci \u00e8 permesso avere, \u00e8 tutto ci\u00f2 di cui possiamo godere. <\/p>\n\n\n\n<p>L\u2019unica scelta concessaci, in tempi di <strong>pandemia<\/strong>, \u00e8 infatti quella di migliorare quel che gi\u00e0 abbiamo, e noi carmignanesi \u2013 diciamocelo  \u2013abbiamo gi\u00e0 tanto. Da qui l&#8217;idea: radunare in un\u2019unica fonte ben curata tutto quello che \u00e8 importante sapere e tutto quello che \u00e8 possibile fare e avere, in un momento tanto difficile. &nbsp;&nbsp;<\/p>\n\n\n\n<p>\u201c<em>La bellezza salver\u00e0 il mondo<\/em>\u201d, diceva Platone, e tutti noi ne siamo circondati, non scordiamolo, basta saper guardare. Basta tornare a guardare. <strong>Basta tornare a vedere con gli occhi di un bambino<\/strong>, gli occhi del cuore. Questa la vera sfida, ora. In nome della Vita, il Covid-19 ci costringe a rallentare, a fermare la frenesia e a restare nella nostra intimit\u00e0, qualsiasi essa sia. \u00c8 uno stop imposto e improvviso, che non d\u00e0 il tempo di cambiare nulla di quello che \u00e8 stato. \u00c8 un <strong>fermo immagine<\/strong> che congela il presente, ma che dona un\u2019immensit\u00e0 di tempo per cambiarlo questo presente, a partire da noi stessi. Questa la vera prova da affrontare. <strong>Cambiare il nostro essere, per migliorare quel che ci circonda<\/strong>. Quindi aiutiamoci, a partire da questo piccolo passo. &nbsp;<\/p>\n\n\n\n<p>Il Giornale di Carmignano sar\u00e0 il giornale di tutti. Potrete suggerirci argomenti, condividere percorsi, immagini, iniziative o intuizioni che mirino a raccontare la nostra bella terra. Un\u2019ottima chance per ingannare questo tempo in modo costruttivo e corale. Le <strong>vostre idee<\/strong> scrivetele a questo indirizzo mail, cammineremo insieme verso la Bellezza: ilgiornaledicarmignano@comune.carmignano.po.it<\/p>\n","protected":false},"excerpt":{"rendered":"<p>il direttore Stella Spinelli Un nuovo giornale, un nuovo contenitore, serio e affidabile, dove trovare tutto ci\u00f2 che c\u2019\u00e8 di utile e dilettevole a due passi da casa. Una voce autorevole di quel territorio che abbiamo scelto come Casa e che adesso, in questo esatto momento, \u00e8 tutto ci\u00f2 che ci \u00e8 permesso avere, \u00e8 &hellip; <a href=\"https:\/\/www.ilgiornaledicarmignano.it\/?p=1520\" class=\"more-link\">Continua la lettura di <span class=\"screen-reader-text\">La bellezza ci salver\u00e0, l&#8217;editoriale<\/span> <span class=\"meta-nav\">&rarr;<\/span><\/a><\/p>\n","protected":false},"author":3,"featured_media":1524,"comment_status":"closed","ping_status":"open","sticky":false,"template":"","format":"standard","meta":{"ngg_post_thumbnail":0},"categories":[28,12,23],"tags":[2],"_links":{"self":[{"href":"https:\/\/www.ilgiornaledicarmignano.it\/index.php?rest_route=\/wp\/v2\/posts\/1520"}],"collection":[{"href":"https:\/\/www.ilgiornaledicarmignano.it\/index.php?rest_route=\/wp\/v2\/posts"}],"about":[{"href":"https:\/\/www.ilgiornaledicarmignano.it\/index.php?rest_route=\/wp\/v2\/types\/post"}],"author":[{"embeddable":true,"href":"https:\/\/www.ilgiornaledicarmignano.it\/index.php?rest_route=\/wp\/v2\/users\/3"}],"replies":[{"embeddable":true,"href":"https:\/\/www.ilgiornaledicarmignano.it\/index.php?rest_route=%2Fwp%2Fv2%2Fcomments&post=1520"}],"version-history":[{"count":11,"href":"https:\/\/www.ilgiornaledicarmignano.it\/index.php?rest_route=\/wp\/v2\/posts\/1520\/revisions"}],"predecessor-version":[{"id":1576,"href":"https:\/\/www.ilgiornaledicarmignano.it\/index.php?rest_route=\/wp\/v2\/posts\/1520\/revisions\/1576"}],"wp:featuredmedia":[{"embeddable":true,"href":"https:\/\/www.ilgiornaledicarmignano.it\/index.php?rest_route=\/wp\/v2\/media\/1524"}],"wp:attachment":[{"href":"https:\/\/www.ilgiornaledicarmignano.it\/index.php?rest_route=%2Fwp%2Fv2%2Fmedia&parent=1520"}],"wp:term":[{"taxonomy":"category","embeddable":true,"href":"https:\/\/www.ilgiornaledicarmignano.it\/index.php?rest_route=%2Fwp%2Fv2%2Fcategories&post=1520"},{"taxonomy":"post_tag","embeddable":true,"href":"https:\/\/www.ilgiornaledicarmignano.it\/index.php?rest_route=%2Fwp%2Fv2%2Ftags&post=1520"}],"curies":[{"name":"wp","href":"https:\/\/api.w.org\/{rel}","templated":true}]}}