{"id":144,"date":"2018-10-18T15:40:59","date_gmt":"2018-10-18T13:40:59","guid":{"rendered":"http:\/\/www.ilgiornaledicarmignano.it\/?p=144"},"modified":"2018-10-18T15:40:59","modified_gmt":"2018-10-18T13:40:59","slug":"ognissanti-suona-il-jazz-omaggio-a-john-coltrane","status":"publish","type":"post","link":"https:\/\/www.ilgiornaledicarmignano.it\/?p=144","title":{"rendered":"\u201cOgnissanti suona il Jazz\u201d omaggio a John Coltrane"},"content":{"rendered":"<p>Tre location d&#8217;eccezione, musica di qualit\u00e0, arte e buon vino. Un mix d&#8217;ingredienti che, mescolati insieme, danno vita ad una manifestazione che punta a diventare un appuntamento fisso e ambito: <strong><b>&#8220;Ognissanti suona il Jazz&#8221; omaggio a John Coltrane &#8220;Il Coltrane ritrovato&#8221;.<\/b><\/strong> Ad organizzare la rassegna, in programma il <strong><b>31 ottobre, il 3 e 4 novembre<\/b><\/strong>, i Comuni di Carmignano e Poggio a Caiano in collaborazione con l&#8217;associazione culturale &#8220;Il Circolo delle Quinte&#8221;.<\/p>\n<p>Fil rouge della manifestazione, che si snoder\u00e0 tra la <strong><b>Villa Medicea La<\/b><\/strong><strong><b> Ferdinanda di Artimino, le Scuderie della Villa Medicea Ambra di Poggio a Caiano<\/b><\/strong> e lo <strong><b>Spazio d&#8217;Arte Alberto Moretti di Carmignano<\/b><\/strong>, saranno le incisioni di uno dei pi\u00f9 grandi maestri del jazz, il sassofonista e compositore statunitense John Coltrane. <strong><b>\u00a0Tutte le iniziative sono a ingresso gratuito.<\/b><\/strong><\/p>\n<p>\u201cOgnissanti suona il jazz \u00e8 una scommessa, puntiamo su un genere musicale di alto livello che ha un valore culturale innegabile \u2013 ha spiegato <strong><b>l\u2019assessore alla Cultura del Comune di Carmignano Stella Spinelli<\/b><\/strong> -. Per affrontare questa scommessa ci siamo avvalsi di due appassionati della musica, il consigliere comunale di maggioranza Vincenzo Soricillo e Gianni Rosati, carmignanese doc, musicista e presidente dell\u2019associazione Il Circolo delle Quinte. Grazie poi alla proficua collaborazione con l\u2019assessore alla Cultura di Poggio a Caiano Giacomo Mari e alla disponibilit\u00e0 della Villa di Artimino, che ancora una volta dimostra la sua lungimiranza nell\u2019accogliere le nostre iniziative pi\u00f9 impegnate, daremo il via a un festival che si spera possa durare nel tempo. Invito quindi tutti a partecipare, l\u2019ingresso \u00e8 gratuito e gli ospiti sono davvero d\u2019eccezione\u201d.<\/p>\n<p>\u201cUna nuova rassegna che valorizza la \u2018musica del dialogo\u2019, tratto che contraddistingue molti generi musicali, ma che troviamo particolarmente pronunciato nel jazz laddove l\u2019armonia che si crea in ogni concerto \u00e8 la risultante dell\u2019espressione originale e sempre nuova di ogni musicista basata su un ascolto attento, reciproco e continuo dell\u2019altrui fraseggio &#8211; ha aggiunto <strong><b>l&#8217;assessore alla Cultura del Comune di Poggio a Caiano Giacomo Mari<\/b><\/strong> -. Questa prima edizione, che si concentra sul grande sassofonista John Coltrane reinterpretato da rinomati jazzisti del panorama italiano e internazionale, \u00e8 frutto della collaborazione con il Comune di Carmignano e l\u2019associazione culturale Circolo delle Quinte che ringrazio per l\u2019impegno nella realizzazione di questa prima edizione. Tre appuntamenti da non perdere per chi la musica l\u2019ascolta e per chi la musica la fa\u201d.<\/p>\n<p>\u201cIl filo conduttore saranno le incisioni di John Coltrane di cui tutti parlavano, ma che nessuno aveva ancora mai ascoltato e che dal lontano 1963 solo nell\u2019estate di questo 2018 sono state ritrovate e hanno visto la luce in un album, \u2018Both Direction at Once: The Lost Album\u2019, pubblicato dalla Impulse \u2013 ha precisato <strong><b>Gianni Rosati<\/b><\/strong><strong><b>, presidente dell\u2019associazione Il Circolo delle Quinte<\/b><\/strong> -. Un album registrato il 6 marzo del 1963 e rintracciato solo pochi mesi fa dagli eredi di Coltrane, all&#8217;interno del quale sono presenti due originali completamente sconosciuti e mai ascoltati\u201d.<\/p>\n<p>Il primo appuntamento di <em><i>\u201cOgnissanti suona il Jazz<\/i><\/em>\u201d \u00e8 per <strong><b>mercoled\u00ec 31 ottobre alle 21.30 alle Scuderie Medicee a Poggio a Caiano con il concerto di &#8220;Nico Gori Trio<\/b><\/strong>&#8220;: tre grandi jazzisti toscani che, partendo da &#8220;The Lost Album&#8221;, presenteranno un originale percorso sonoro. Un emozionante concerto dal vivo che vuole essere un omaggio e una celebrazione di uno degli artisti pi\u00f9 incisivi del panorama musicale del Novecento, nella suggestiva cornice delle Scuderie della Villa Medicea Ambra di Poggio a Caiano. Sul palco Nico Gori al clarinetto e al sax; Franco Santarnecchi alle tastiere e Piero Borri alla batteria.<\/p>\n<p>Si prosegue poi <strong><b>sabato 3 novembre alle 17.30 allo Spazio d&#8217;Arte Alberto Moretti a Carmignano con &#8220;Tra il Mediterraneo e l&#8217;Atlantico. Le migrazioni alle origini del jazz&#8221;,<\/b><\/strong> una conferenza dell&#8217;illustre musicologo Stefano Zenni sulla storia e l&#8217;evoluzione della musica jazz. Un viaggio attraverso la storia, la musica e il panorama culturale del XX secolo, sotto la guida esperta e coinvolgente di una delle figure pi\u00f9 influenti del panorama della musicologia italiana e internazionale.<\/p>\n<p>Ultimo appuntamento <strong><b>domenica 4 novembre alle 17.30 in una delle location pi\u00f9 suggestive del territorio del Montalbano, nel Salone degli Armigeri della Villa Medicea La Ferdinanda di Artimino con il concerto &#8220;La Rainbow Jazz Orchestra suona John Coltrane&#8221;<\/b><\/strong>. Il repertorio del concerto sar\u00e0 dedicato interamente alla musica di Coltrane, arrangiato per mano di Duccio Bertini che, attraverso un linguaggio orchestrale, ricco di colori e di variet\u00e0, ci porter\u00e0 in una nuova e originale dimensione. Il tutto arricchito dalla presenza del magnifico solista Jesse Davis in qualit\u00e0 di ospite del progetto. Direzione e arrangiamenti Duccio Bertini; sassofoni: Renzo Telloli, Michele Tino, Marco Bini, Giovanni Pecchioli, Claudio Ingletti; trombe: Maurizio Pasqui, Nicola Cellai, Valerio Mazzoni; tromboni: Paolo Acquaviva, Andrea Angeloni; al contrabbasso Guido Zorn; al pianoforte Francesco Maccianti; alla batteria Andrea Beninanti.<\/p>\n<p>\u201cPartiamo con il piede giusto \u2013 ha terminato <strong><b>Vincenzo Soricillo<\/b><\/strong><strong><b>, consigliere comunale di maggioranza<\/b><\/strong>, musicista, incaricato dall\u2019assessore Spinelli a gestire l\u2019organizzazione dell\u2019evento &#8211; con musicisti di caratura internazionale che hanno studiato un programma appositamente dedicato alla nostra manifestazione. Il jazz \u00e8 la forma d\u2019arte pi\u00f9 cosmopolita che esista e la bellezza del nostro territorio non pu\u00f2 che essere uno stimolo per un turismo che cerca la qualit\u00e0 e la sostanza. Agli appassionati offriamo una ghiotta occasione per ascoltare dal vivo e in splendidi scenari la musica che pi\u00f9 amano, ai non appassionati diciamo che questa \u00e8 un\u2019ottima occasione per avvicinarsi ad uno dei generi musicali che hanno contraddistinto il XX secolo e che ancora influenzano tutti i generi musicali contemporanei\u201d.<\/p>\n<p><img loading=\"lazy\" class=\"alignnone size-medium wp-image-146\" src=\"http:\/\/posta\/ilgiornaledicarmignano\/wp-content\/uploads\/2018\/10\/IMG-20181016-WA0003-213x300.jpg\" alt=\"\" width=\"213\" height=\"300\" srcset=\"https:\/\/www.ilgiornaledicarmignano.it\/wp-content\/uploads\/2018\/10\/IMG-20181016-WA0003-213x300.jpg 213w, https:\/\/www.ilgiornaledicarmignano.it\/wp-content\/uploads\/2018\/10\/IMG-20181016-WA0003-768x1080.jpg 768w, https:\/\/www.ilgiornaledicarmignano.it\/wp-content\/uploads\/2018\/10\/IMG-20181016-WA0003-728x1024.jpg 728w, https:\/\/www.ilgiornaledicarmignano.it\/wp-content\/uploads\/2018\/10\/IMG-20181016-WA0003.jpg 909w\" sizes=\"(max-width: 213px) 100vw, 213px\" \/><\/p>\n","protected":false},"excerpt":{"rendered":"<p>Tre location d&#8217;eccezione, musica di qualit\u00e0, arte e buon vino. Un mix d&#8217;ingredienti che, mescolati insieme, danno vita ad una manifestazione che punta a diventare un appuntamento fisso e ambito: &#8220;Ognissanti suona il Jazz&#8221; omaggio a John Coltrane &#8220;Il Coltrane ritrovato&#8221;. Ad organizzare la rassegna, in programma il 31 ottobre, il 3 e 4 novembre, &hellip; <a href=\"https:\/\/www.ilgiornaledicarmignano.it\/?p=144\" class=\"more-link\">Continua la lettura di <span class=\"screen-reader-text\">\u201cOgnissanti suona il Jazz\u201d omaggio a John Coltrane<\/span> <span class=\"meta-nav\">&rarr;<\/span><\/a><\/p>\n","protected":false},"author":8,"featured_media":145,"comment_status":"closed","ping_status":"open","sticky":false,"template":"","format":"standard","meta":{"ngg_post_thumbnail":0},"categories":[1],"tags":[],"_links":{"self":[{"href":"https:\/\/www.ilgiornaledicarmignano.it\/index.php?rest_route=\/wp\/v2\/posts\/144"}],"collection":[{"href":"https:\/\/www.ilgiornaledicarmignano.it\/index.php?rest_route=\/wp\/v2\/posts"}],"about":[{"href":"https:\/\/www.ilgiornaledicarmignano.it\/index.php?rest_route=\/wp\/v2\/types\/post"}],"author":[{"embeddable":true,"href":"https:\/\/www.ilgiornaledicarmignano.it\/index.php?rest_route=\/wp\/v2\/users\/8"}],"replies":[{"embeddable":true,"href":"https:\/\/www.ilgiornaledicarmignano.it\/index.php?rest_route=%2Fwp%2Fv2%2Fcomments&post=144"}],"version-history":[{"count":1,"href":"https:\/\/www.ilgiornaledicarmignano.it\/index.php?rest_route=\/wp\/v2\/posts\/144\/revisions"}],"predecessor-version":[{"id":147,"href":"https:\/\/www.ilgiornaledicarmignano.it\/index.php?rest_route=\/wp\/v2\/posts\/144\/revisions\/147"}],"wp:featuredmedia":[{"embeddable":true,"href":"https:\/\/www.ilgiornaledicarmignano.it\/index.php?rest_route=\/wp\/v2\/media\/145"}],"wp:attachment":[{"href":"https:\/\/www.ilgiornaledicarmignano.it\/index.php?rest_route=%2Fwp%2Fv2%2Fmedia&parent=144"}],"wp:term":[{"taxonomy":"category","embeddable":true,"href":"https:\/\/www.ilgiornaledicarmignano.it\/index.php?rest_route=%2Fwp%2Fv2%2Fcategories&post=144"},{"taxonomy":"post_tag","embeddable":true,"href":"https:\/\/www.ilgiornaledicarmignano.it\/index.php?rest_route=%2Fwp%2Fv2%2Ftags&post=144"}],"curies":[{"name":"wp","href":"https:\/\/api.w.org\/{rel}","templated":true}]}}