{"id":141,"date":"2018-10-10T11:11:37","date_gmt":"2018-10-10T09:11:37","guid":{"rendered":"http:\/\/www.ilgiornaledicarmignano.it\/?p=141"},"modified":"2018-10-10T11:11:37","modified_gmt":"2018-10-10T09:11:37","slug":"carmignano-dice-no-alle-affissioni-abusive-al-via-la-campagna-contro-i-furbetti","status":"publish","type":"post","link":"https:\/\/www.ilgiornaledicarmignano.it\/?p=141","title":{"rendered":"Carmignano dice no alle affissioni abusive: al via la campagna contro i furbetti"},"content":{"rendered":"<p>I pali di sostegno della segnaletica stradale e quelli della pubblica illuminazione, i muri o le vetrine di negozi vuoti, i cestini e le pensiline degli autobus. Questi sono solo alcuni dei luoghi che spesso e volentieri vengono scambiati per spazi dove poter attaccare pubblicit\u00e0 e locandine di iniziative varie. Senza contare che molte di esse non hanno il timbro dell&#8217;affissione e quindi sono doppiamente abusive.<\/p>\n<p><strong>L&#8217;amministrazione comunale di Carmignano<\/strong>\u00a0ha quindi deciso di dare una stretta al proliferare di questi cartelli, che deturpano gli spazi pubblici e il decoro urbano, ed\u00a0<strong>ha avviato una campagna per individuare e rimuovere qualsiasi forma pubblicitaria affissa abusivamente.<\/strong><\/p>\n<p>E cos\u00ec sono scesi in campo numerosi soggetti: da un lato gli addetti del Comune, chiamati a levare tutti i cartelli attaccati abusivamente sulle propriet\u00e0 pubbliche, dall&#8217;altro la Polizia Municipale che, in caso, sar\u00e0 pronta a sanzionare gli eventuali trasgressori.<\/p>\n<p>&#8220;Un problema di decoro e di immagine che vogliamo risolvere &#8211; spiega il\u00a0<strong>Sindaco Edoardo Prestanti<\/strong>\u00a0-. Sar\u00e0 effettuato un monitoraggio capillare su tutto il territorio, cos\u00ec da poter restituire ai nostri cittadini e a tutti i turisti aree pi\u00f9 ordinate e pulite. Naturalmente confidiamo nella collaborazione e nel senso civico delle persone, quindi ben vengano anche le segnalazioni da parte di tutti &#8220;.<\/p>\n<p>\u201cL\u2019azione \u2013 precisa\u00a0<strong>l\u2019assessore all\u2019Ambiente Federico Migaldi<\/strong>\u00a0\u2013 non vuole essere vessatoria nei confronti delle associazioni che si impegnano e lavorano nel nostro Comune, ma semplicemente vuole richiamare al rispetto delle norme vigenti\u201d.<\/p>\n<p><strong>Esistono degli spazi appositamente dedicati per la pubblica affissione dei manifesti.<\/strong>Manifesti che devono essere necessariamente corredati da un apposito timbro rilasciato da Sori. Ricordiamo che a Carmignano \u00e8 presente un Ufficio della Sori in piazza Matteotti 32, aperto il luned\u00ec e il gioved\u00ec dalle 9 alle 13 e dalle 13.30 alle 15 (telefono\u00a0<a href=\"tel:0574 1838145\" target=\"_blank\" rel=\"noopener\">0574 1838145<\/a>).<\/p>\n<p>Chiunque pu\u00f2 segnalare la presenza di cartelli abusivi contattando la Polizia Municipale oppure l&#8217;Ufficio Ambiente del Comune.<\/p>\n","protected":false},"excerpt":{"rendered":"<p>I pali di sostegno della segnaletica stradale e quelli della pubblica illuminazione, i muri o le vetrine di negozi vuoti, i cestini e le pensiline degli autobus. Questi sono solo alcuni dei luoghi che spesso e volentieri vengono scambiati per spazi dove poter attaccare pubblicit\u00e0 e locandine di iniziative varie. Senza contare che molte di &hellip; <a href=\"https:\/\/www.ilgiornaledicarmignano.it\/?p=141\" class=\"more-link\">Continua la lettura di <span class=\"screen-reader-text\">Carmignano dice no alle affissioni abusive: al via la campagna contro i furbetti<\/span> <span class=\"meta-nav\">&rarr;<\/span><\/a><\/p>\n","protected":false},"author":8,"featured_media":142,"comment_status":"closed","ping_status":"open","sticky":false,"template":"","format":"standard","meta":{"ngg_post_thumbnail":0},"categories":[1],"tags":[],"_links":{"self":[{"href":"https:\/\/www.ilgiornaledicarmignano.it\/index.php?rest_route=\/wp\/v2\/posts\/141"}],"collection":[{"href":"https:\/\/www.ilgiornaledicarmignano.it\/index.php?rest_route=\/wp\/v2\/posts"}],"about":[{"href":"https:\/\/www.ilgiornaledicarmignano.it\/index.php?rest_route=\/wp\/v2\/types\/post"}],"author":[{"embeddable":true,"href":"https:\/\/www.ilgiornaledicarmignano.it\/index.php?rest_route=\/wp\/v2\/users\/8"}],"replies":[{"embeddable":true,"href":"https:\/\/www.ilgiornaledicarmignano.it\/index.php?rest_route=%2Fwp%2Fv2%2Fcomments&post=141"}],"version-history":[{"count":1,"href":"https:\/\/www.ilgiornaledicarmignano.it\/index.php?rest_route=\/wp\/v2\/posts\/141\/revisions"}],"predecessor-version":[{"id":143,"href":"https:\/\/www.ilgiornaledicarmignano.it\/index.php?rest_route=\/wp\/v2\/posts\/141\/revisions\/143"}],"wp:featuredmedia":[{"embeddable":true,"href":"https:\/\/www.ilgiornaledicarmignano.it\/index.php?rest_route=\/wp\/v2\/media\/142"}],"wp:attachment":[{"href":"https:\/\/www.ilgiornaledicarmignano.it\/index.php?rest_route=%2Fwp%2Fv2%2Fmedia&parent=141"}],"wp:term":[{"taxonomy":"category","embeddable":true,"href":"https:\/\/www.ilgiornaledicarmignano.it\/index.php?rest_route=%2Fwp%2Fv2%2Fcategories&post=141"},{"taxonomy":"post_tag","embeddable":true,"href":"https:\/\/www.ilgiornaledicarmignano.it\/index.php?rest_route=%2Fwp%2Fv2%2Ftags&post=141"}],"curies":[{"name":"wp","href":"https:\/\/api.w.org\/{rel}","templated":true}]}}