{"id":120,"date":"2018-10-03T10:54:23","date_gmt":"2018-10-03T08:54:23","guid":{"rendered":"http:\/\/www.ilgiornaledicarmignano.it\/?p=120"},"modified":"2018-10-03T10:54:23","modified_gmt":"2018-10-03T08:54:23","slug":"refezione-scolastica-al-via-le-giornate-con-menu-a-tema-giovedi-piatti-tipici-lombardi","status":"publish","type":"post","link":"https:\/\/www.ilgiornaledicarmignano.it\/?p=120","title":{"rendered":"Refezione scolastica, al via le giornate con men\u00f9 a tema: gioved\u00ec piatti tipici lombardi"},"content":{"rendered":"<p>Il Comune di Carmignano e CIR Food, l&#8217;azienda appaltatrice del servizio mensa, propongono una serie di <strong><b>giornate con men\u00f9 a tema per far conoscere<\/b><\/strong> ai giovani studenti che usufruiscono del servizio di refezione scolastica <strong><b>le abitudini gastronomiche toscane, delle altre regioni d&#8217;Italia e pi\u00f9 in generale del mondo<\/b><\/strong>.<\/p>\n<p>La prima &#8220;Giornata a tema&#8221; \u00e8 fissata per <strong><b>gioved\u00ec 4 ottobre col Men\u00f9 Lombardia<\/b><\/strong>. Tra i piatti serviti risotto alla milanese, cotoletta alla milanese, patate arrosto, pane e frutta. La seconda giornata a tema invece si terr\u00e0 il gioved\u00ec successivo, l&#8217;11 ottobre: per l&#8217;occasione gli studenti potranno assaggiare la fettunta, il pollo fritto e la schiacciata con l\u2019uva.<\/p>\n<p>Si ricorda che per visualizzare il men\u00f9 che viene servito giornalmente nelle mense scolastiche carmignanesi \u00e8 possibile accedere col proprio smartphone o pc alla nuova <strong><b>web app Men\u00f9 Chiaro<\/b><\/strong>, realizzata da CIR Food per il Comune di Carmignano. Collegandosi in rete, i genitori dei ragazzi iscritti al servizio di ristorazione scolastica possono, infatti, vedere in tempo reale le diverse portate del pranzo, i valori nutrizionali di ogni singolo piatto, gli ingredienti e tutte le informazioni relative alla presenza o meno di allergeni. Ma \u00e8 possibile anche calcolare l&#8217;indice di massa corporea e leggere alcuni consigli di educazione alimentare, utili per aiutare alla costruzione di un corretto e sano regime alimentare per tutta la famiglia.<\/p>\n<p>&nbsp;<\/p>\n","protected":false},"excerpt":{"rendered":"<p>Il Comune di Carmignano e CIR Food, l&#8217;azienda appaltatrice del servizio mensa, propongono una serie di giornate con men\u00f9 a tema per far conoscere ai giovani studenti che usufruiscono del servizio di refezione scolastica le abitudini gastronomiche toscane, delle altre regioni d&#8217;Italia e pi\u00f9 in generale del mondo. La prima &#8220;Giornata a tema&#8221; \u00e8 fissata &hellip; <a href=\"https:\/\/www.ilgiornaledicarmignano.it\/?p=120\" class=\"more-link\">Continua la lettura di <span class=\"screen-reader-text\">Refezione scolastica, al via le giornate con men\u00f9 a tema: gioved\u00ec piatti tipici lombardi<\/span> <span class=\"meta-nav\">&rarr;<\/span><\/a><\/p>\n","protected":false},"author":8,"featured_media":121,"comment_status":"closed","ping_status":"open","sticky":false,"template":"","format":"standard","meta":{"ngg_post_thumbnail":0},"categories":[1],"tags":[],"_links":{"self":[{"href":"https:\/\/www.ilgiornaledicarmignano.it\/index.php?rest_route=\/wp\/v2\/posts\/120"}],"collection":[{"href":"https:\/\/www.ilgiornaledicarmignano.it\/index.php?rest_route=\/wp\/v2\/posts"}],"about":[{"href":"https:\/\/www.ilgiornaledicarmignano.it\/index.php?rest_route=\/wp\/v2\/types\/post"}],"author":[{"embeddable":true,"href":"https:\/\/www.ilgiornaledicarmignano.it\/index.php?rest_route=\/wp\/v2\/users\/8"}],"replies":[{"embeddable":true,"href":"https:\/\/www.ilgiornaledicarmignano.it\/index.php?rest_route=%2Fwp%2Fv2%2Fcomments&post=120"}],"version-history":[{"count":1,"href":"https:\/\/www.ilgiornaledicarmignano.it\/index.php?rest_route=\/wp\/v2\/posts\/120\/revisions"}],"predecessor-version":[{"id":122,"href":"https:\/\/www.ilgiornaledicarmignano.it\/index.php?rest_route=\/wp\/v2\/posts\/120\/revisions\/122"}],"wp:featuredmedia":[{"embeddable":true,"href":"https:\/\/www.ilgiornaledicarmignano.it\/index.php?rest_route=\/wp\/v2\/media\/121"}],"wp:attachment":[{"href":"https:\/\/www.ilgiornaledicarmignano.it\/index.php?rest_route=%2Fwp%2Fv2%2Fmedia&parent=120"}],"wp:term":[{"taxonomy":"category","embeddable":true,"href":"https:\/\/www.ilgiornaledicarmignano.it\/index.php?rest_route=%2Fwp%2Fv2%2Fcategories&post=120"},{"taxonomy":"post_tag","embeddable":true,"href":"https:\/\/www.ilgiornaledicarmignano.it\/index.php?rest_route=%2Fwp%2Fv2%2Ftags&post=120"}],"curies":[{"name":"wp","href":"https:\/\/api.w.org\/{rel}","templated":true}]}}