{"id":110,"date":"2018-10-01T10:12:22","date_gmt":"2018-10-01T08:12:22","guid":{"rendered":"http:\/\/www.ilgiornaledicarmignano.it\/?p=110"},"modified":"2018-10-01T10:12:22","modified_gmt":"2018-10-01T08:12:22","slug":"incentivi-a-sostegno-di-attivita-economiche-nel-centro-storico-di-carmignano-e-nelle-frazioni-pubblicato-il-bando","status":"publish","type":"post","link":"https:\/\/www.ilgiornaledicarmignano.it\/?p=110","title":{"rendered":"Incentivi a sostegno di attivit\u00e0 economiche nel centro storico di Carmignano e nelle frazioni: pubblicato il bando"},"content":{"rendered":"<p>Incentivare coloro che intendono aprire nuove attivit\u00e0, ma anche chi si assume l&#8217;impegno di continuare a mantenere in vita la propria impresa per almeno cinque anni. E&#8217; quanto intende perseguire l&#8217;amministrazione comunale di Carmignano, che ha pubblicato un apposito <strong><b>bando per l&#8217;assegnazione di incentivi a sostegno delle attivit\u00e0 economiche nel centro di Carmignano e nelle frazioni di Bacchereto, Seano, Comeana, Artimino, Poggio alla Malva, La Serra e Santa Cristina a Mezzana<\/b><\/strong>. Ammonta a 45mila euro la somma annua stanziata dall&#8217;amministrazione per il 2018 per questa finalit\u00e0.<\/p>\n<p>\u201cTra gli obiettivi del bando la valorizzazione e riqualificazione del commercio in armonia con il contesto culturale, sociale ed architettonico del cuore di Carmignano e dei centri delle frazioni, in modo tale da contribuire ad accrescerne la qualit\u00e0, la vivibilit\u00e0 e la sicurezza del nostro Comune &#8211; spiega <strong><b>l&#8217;assessore al Commercio e alle Attivit\u00e0 produttive Francesco Paoletti<\/b><\/strong> -. Ma anche rafforzare la rete distributiva tradizionale, rendere il nostro territorio sempre pi\u00f9 attrattivo per residenti e turisti e valorizzare cos\u00ec la sua vocazione di Centro Commerciale Naturale. Ovviamente attraverso questo bando si va a promuovere l&#8217;artigianato tipico e tradizionale del territorio, ma soprattutto si incentiva l&#8217;occupazione del settore&#8221;.<\/p>\n<p><strong><u><b>A chi \u00e8 rivolto il bando<\/b><\/u><\/strong>. Possono presentare la domanda e richiedere incentivi coloro che intraprendono una nuova attivit\u00e0, sia in un locale in affitto che in uno di propriet\u00e0, all\u2019interno delle aree interessate dal bando; ma anche coloro che hanno un\u2019attivit\u00e0 aperta al 31 dicembre 2017 e si impegnano a mantenerla per almeno cinque anni da quella data. Sono incluse le attivit\u00e0 commerciali e artigianali con vendita al pubblico, gli studi artistici ed attivit\u00e0 culturali con apertura al pubblico e gli esercizi di somministrazione al pubblico di alimenti e bevande.<\/p>\n<p><strong><u><b>Incentivi per l&#8217;apertura di nuove attivit\u00e0<\/b><\/u><\/strong>. Due le misure che rientrano in questo ambito. La prima prevede l\u2019erogazione di un contributo a <strong><b>coloro che intraprendono una nuova attivit\u00e0 in un locale preso in affitto<\/b><\/strong>: in questo caso ai progetti selezionati verr\u00e0 assegnato, fino ad esaurimento delle risorse, un contributo per il pagamento del canone di affitto dei locali che ospitano l\u2019attivit\u00e0 pari al 60% dell&#8217;importo per il primo anno, al 40% per il secondo e al 20% per il terzo anno. La liquidazione del contributo annuale avviene in un&#8217;unica soluzione entro il 31 gennaio dell&#8217;anno successivo. La seconda misura di incentivi prevede un contributo a favore di coloro <strong><b>che aprono una nuova attivit\u00e0 e hanno la disponibilit\u00e0 del locale dove insediarla in quanto proprietari o usufruttuari<\/b><\/strong>: a loro verr\u00e0 dato un contributo nella misura del 100% dell&#8217;IMU gravante sull&#8217;immobile.<\/p>\n<p><strong><u><b>Incentivi per il mantenimento delle attivit\u00e0 esistenti.<\/b><\/u><\/strong> Sono destinatari coloro che hanno un&#8217;attivit\u00e0 aperta al 31 dicembre del 2017 e che si impegnano a mantenerla per almeno cinque anni. A loro verr\u00e0 quantificato un importo massimo pari al 30% della TARI dovuta e pagata per l&#8217;anno di riferimento, fino ad una superficie massima di 100 mq.<\/p>\n<p><strong><u><b>Aree interessate dal bando<\/b><\/u><\/strong><strong><b>.<\/b><\/strong> A Carmignano le vie e piazze del centro storico riportate sull\u2019elenco consultabile sul sito del Comune; a Comeana il nucleo storico centrale; a Seano le zone che vanno dalla Casa Rossa al Centro, passando per zona Campigli e Coop. Per quanto riguarda Santa Cristina a Mezzana, le aree interessate sono piazza S. Cristina e via Vergheretana (nel tratto antistante la piazza); a La Serra via Carmignanese (dall\u2019inizio della frazione fino all\u2019inizio di via La Serra), via la Serra fino all\u2019intersezione con via dello Sport e via dello Sport. Ad Artimino via Cinque Martiri e piazza San Carlo; via Molinaccio, via Fontemorana e piazza G. Verdi a Bacchereto e a Poggio alla Malva via Fratelli Buricchi, piazza Naldi e via Santo Stefano.<\/p>\n<p><strong><u><b>Presentazione delle domande<\/b><\/u><\/strong>. La domanda di partecipazione al bando, scaricabile dal sito www.comune.carmignano.po.it, dovr\u00e0 pervenire al Comune <strong><b>entro e non oltre le ore 12.30 del 30 novembre<\/b><\/strong> 2018 tramite <strong><b>posta elettronica certificata<\/b><\/strong> (comune.carmignano@postacert.toscana.it); <strong><b>consegnata a mano all&#8217;Ufficio Protocollo del Comune<\/b><\/strong> (piazza G. Matteotti 1; orari: luned\u00ec dalle 8.30 alle 12.30 e dalle 15 alle 18; marted\u00ec, mercoled\u00ec e venerd\u00ec dalle 8.30 alle 12.30; gioved\u00ec dalle 8.30 alle 15.30); tramite <strong><b>raccomandata con ricevuta di ritorno <\/b><\/strong>(non fa fede il timbro postale)<strong><b> o corriere<\/b><\/strong> con ricevuta di ritorno, indirizzata al Comune.<\/p>\n<p>&nbsp;<\/p>\n","protected":false},"excerpt":{"rendered":"<p>Incentivare coloro che intendono aprire nuove attivit\u00e0, ma anche chi si assume l&#8217;impegno di continuare a mantenere in vita la propria impresa per almeno cinque anni. E&#8217; quanto intende perseguire l&#8217;amministrazione comunale di Carmignano, che ha pubblicato un apposito bando per l&#8217;assegnazione di incentivi a sostegno delle attivit\u00e0 economiche nel centro di Carmignano e nelle &hellip; <a href=\"https:\/\/www.ilgiornaledicarmignano.it\/?p=110\" class=\"more-link\">Continua la lettura di <span class=\"screen-reader-text\">Incentivi a sostegno di attivit\u00e0 economiche nel centro storico di Carmignano e nelle frazioni: pubblicato il bando<\/span> <span class=\"meta-nav\">&rarr;<\/span><\/a><\/p>\n","protected":false},"author":8,"featured_media":111,"comment_status":"closed","ping_status":"open","sticky":false,"template":"","format":"standard","meta":{"ngg_post_thumbnail":0},"categories":[1],"tags":[],"_links":{"self":[{"href":"https:\/\/www.ilgiornaledicarmignano.it\/index.php?rest_route=\/wp\/v2\/posts\/110"}],"collection":[{"href":"https:\/\/www.ilgiornaledicarmignano.it\/index.php?rest_route=\/wp\/v2\/posts"}],"about":[{"href":"https:\/\/www.ilgiornaledicarmignano.it\/index.php?rest_route=\/wp\/v2\/types\/post"}],"author":[{"embeddable":true,"href":"https:\/\/www.ilgiornaledicarmignano.it\/index.php?rest_route=\/wp\/v2\/users\/8"}],"replies":[{"embeddable":true,"href":"https:\/\/www.ilgiornaledicarmignano.it\/index.php?rest_route=%2Fwp%2Fv2%2Fcomments&post=110"}],"version-history":[{"count":1,"href":"https:\/\/www.ilgiornaledicarmignano.it\/index.php?rest_route=\/wp\/v2\/posts\/110\/revisions"}],"predecessor-version":[{"id":112,"href":"https:\/\/www.ilgiornaledicarmignano.it\/index.php?rest_route=\/wp\/v2\/posts\/110\/revisions\/112"}],"wp:featuredmedia":[{"embeddable":true,"href":"https:\/\/www.ilgiornaledicarmignano.it\/index.php?rest_route=\/wp\/v2\/media\/111"}],"wp:attachment":[{"href":"https:\/\/www.ilgiornaledicarmignano.it\/index.php?rest_route=%2Fwp%2Fv2%2Fmedia&parent=110"}],"wp:term":[{"taxonomy":"category","embeddable":true,"href":"https:\/\/www.ilgiornaledicarmignano.it\/index.php?rest_route=%2Fwp%2Fv2%2Fcategories&post=110"},{"taxonomy":"post_tag","embeddable":true,"href":"https:\/\/www.ilgiornaledicarmignano.it\/index.php?rest_route=%2Fwp%2Fv2%2Ftags&post=110"}],"curies":[{"name":"wp","href":"https:\/\/api.w.org\/{rel}","templated":true}]}}